{"id":119609,"date":"2026-09-01T06:05:00","date_gmt":"2026-09-01T10:05:00","guid":{"rendered":"https:\/\/interpares.ca\/?p=119609"},"modified":"2026-08-21T13:56:40","modified_gmt":"2026-08-21T17:56:40","slug":"une-approche-feministe-de-lagroecologie-avec-mariame-ouattara","status":"publish","type":"post","link":"https:\/\/interpares.ca\/fr\/une-approche-feministe-de-lagroecologie-avec-mariame-ouattara\/","title":{"rendered":"Une approche f\u00e9ministe de l&rsquo;agro\u00e9cologie avec Mariam\u00e9 Ouattara\u00a0"},"content":{"rendered":"\t\t<div data-elementor-type=\"wp-post\" data-elementor-id=\"119609\" class=\"elementor elementor-119609 elementor-119440\" data-elementor-post-type=\"post\">\n\t\t\t\t<div class=\"elementor-element elementor-element-4e5c302 e-flex e-con-boxed e-con e-parent\" data-id=\"4e5c302\" data-element_type=\"container\" data-e-type=\"container\">\n\t\t\t\t\t<div class=\"e-con-inner\">\n\t\t\t\t<div class=\"elementor-element elementor-element-16b91b6 elementor-widget elementor-widget-text-editor\" data-id=\"16b91b6\" data-element_type=\"widget\" data-e-type=\"widget\" data-widget_type=\"text-editor.default\">\n\t\t\t\t<div class=\"elementor-widget-container\">\n\t\t\t\t\t\t\t\t\t<p><span style=\"color: #015093;\">Mariam\u00e9 Ouattara a pass\u00e9 la majeure partie de sa vie \u00e0 \u0153uvrer en Afrique de l\u2019Ouest pour faire avancer l\u2019\u00e9galit\u00e9 de genre et les droits des agricultrices.<\/span><\/p>\t\t\t\t\t\t\t\t<\/div>\n\t\t\t\t<\/div>\n\t\t\t\t\t<\/div>\n\t\t\t\t<\/div>\n\t\t<div class=\"elementor-element elementor-element-8e42808 e-flex e-con-boxed e-con e-parent\" data-id=\"8e42808\" data-element_type=\"container\" data-e-type=\"container\">\n\t\t\t\t\t<div class=\"e-con-inner\">\n\t\t\t\t<div class=\"elementor-element elementor-element-8a7f9d3 elementor-widget elementor-widget-text-editor\" data-id=\"8a7f9d3\" data-element_type=\"widget\" data-e-type=\"widget\" data-widget_type=\"text-editor.default\">\n\t\t\t\t<div class=\"elementor-widget-container\">\n\t\t\t\t\t\t\t\t\t<p>Bas\u00e9e au <a href=\"https:\/\/interpares.ca\/fr\/burkina-faso\/\">Burkina Faso<\/a>, elle <a href=\"https:\/\/interpares.ca\/fr\/ancree-dans-la-solidarite-retour-sur-50-ans-d-histoire\/\">collabore depuis plus de 20 ans avec Inter Pares<\/a> et nos homologues afin de renforcer le leadership des femmes dans les domaines de l\u2019agro\u00e9cologie et de la souverainet\u00e9 alimentaire.<\/p><p>Nous avons demand\u00e9 \u00e0 Mariam\u00e9 ce qui rend notre approche de l\u2019agro\u00e9cologie \u2014 <strong>une agriculture qui travaille avec la nature pour produire de la nourriture de mani\u00e8re durable<\/strong> \u2014 f\u00e9ministe.<\/p>\t\t\t\t\t\t\t\t<\/div>\n\t\t\t\t<\/div>\n\t\t\t\t\t<\/div>\n\t\t\t\t<\/div>\n\t\t<div class=\"elementor-element elementor-element-633ad47 e-flex e-con-boxed e-con e-parent\" data-id=\"633ad47\" data-element_type=\"container\" data-e-type=\"container\">\n\t\t\t\t\t<div class=\"e-con-inner\">\n\t\t\t\t<div class=\"elementor-element elementor-element-a768dd1 elementor-widget elementor-widget-image\" data-id=\"a768dd1\" data-element_type=\"widget\" data-e-type=\"widget\" data-widget_type=\"image.default\">\n\t\t\t\t<div class=\"elementor-widget-container\">\n\t\t\t\t\t\t\t\t\t\t\t\t\t\t\t<img decoding=\"async\" width=\"1024\" height=\"27\" src=\"https:\/\/interpares.ca\/wp-content\/uploads\/2026\/08\/divider01-1024x27.png\" class=\"attachment-large size-large wp-image-119215\" alt=\"\" srcset=\"https:\/\/interpares.ca\/wp-content\/uploads\/2026\/08\/divider01-1024x27.png 1024w, https:\/\/interpares.ca\/wp-content\/uploads\/2026\/08\/divider01-300x8.png 300w, https:\/\/interpares.ca\/wp-content\/uploads\/2026\/08\/divider01-768x20.png 768w, https:\/\/interpares.ca\/wp-content\/uploads\/2026\/08\/divider01.png 1444w\" sizes=\"(max-width: 1024px) 100vw, 1024px\" \/>\t\t\t\t\t\t\t\t\t\t\t\t\t\t\t<\/div>\n\t\t\t\t<\/div>\n\t\t\t\t\t<\/div>\n\t\t\t\t<\/div>\n\t\t<div class=\"elementor-element elementor-element-1879e67 e-flex e-con-boxed e-con e-parent\" data-id=\"1879e67\" data-element_type=\"container\" data-e-type=\"container\">\n\t\t\t\t\t<div class=\"e-con-inner\">\n\t\t\t\t<div class=\"elementor-element elementor-element-91b6ae0 elementor-widget elementor-widget-text-editor\" data-id=\"91b6ae0\" data-element_type=\"widget\" data-e-type=\"widget\" data-widget_type=\"text-editor.default\">\n\t\t\t\t<div class=\"elementor-widget-container\">\n\t\t\t\t\t\t\t\t\t<p style=\"text-align: center;\">\u00c0 une \u00e9poque o\u00f9 les changements climatiques, la diminution de l\u2019aide internationale et les in\u00e9galit\u00e9s croissantes exercent une pression \u00e9norme sur les communaut\u00e9s\u2014<strong>votre soutien aujourd\u2019hui aide nos homologues \u00e0 renforcer la souverainet\u00e9 alimentaire, \u00e0 faire progresser le leadership des femmes et \u00e0 b\u00e2tir des solutions durables port\u00e9es par les communaut\u00e9s. <\/strong><\/p>\n\n<center><a style=\"display: none;\" href=\"#XZGWNEAB\">donate button<\/a><\/center>\t\t\t\t\t\t\t\t<\/div>\n\t\t\t\t<\/div>\n\t\t\t\t\t<\/div>\n\t\t\t\t<\/div>\n\t\t<div class=\"elementor-element elementor-element-226562b e-flex e-con-boxed e-con e-parent\" data-id=\"226562b\" data-element_type=\"container\" data-e-type=\"container\">\n\t\t\t\t\t<div class=\"e-con-inner\">\n\t\t\t\t<div class=\"elementor-element elementor-element-0888e98 elementor-widget elementor-widget-image\" data-id=\"0888e98\" data-element_type=\"widget\" data-e-type=\"widget\" data-widget_type=\"image.default\">\n\t\t\t\t<div class=\"elementor-widget-container\">\n\t\t\t\t\t\t\t\t\t\t\t\t\t\t\t<img decoding=\"async\" width=\"1024\" height=\"27\" src=\"https:\/\/interpares.ca\/wp-content\/uploads\/2026\/05\/Just-Blue-Line-1024x27.png\" class=\"attachment-large size-large wp-image-115280\" alt=\"\" srcset=\"https:\/\/interpares.ca\/wp-content\/uploads\/2026\/05\/Just-Blue-Line-1024x27.png 1024w, https:\/\/interpares.ca\/wp-content\/uploads\/2026\/05\/Just-Blue-Line-300x8.png 300w, https:\/\/interpares.ca\/wp-content\/uploads\/2026\/05\/Just-Blue-Line-768x20.png 768w, https:\/\/interpares.ca\/wp-content\/uploads\/2026\/05\/Just-Blue-Line.png 1444w\" sizes=\"(max-width: 1024px) 100vw, 1024px\" \/>\t\t\t\t\t\t\t\t\t\t\t\t\t\t\t<\/div>\n\t\t\t\t<\/div>\n\t\t\t\t\t<\/div>\n\t\t\t\t<\/div>\n\t\t<div class=\"elementor-element elementor-element-394a419 e-flex e-con-boxed e-con e-parent\" data-id=\"394a419\" data-element_type=\"container\" data-e-type=\"container\">\n\t\t\t\t\t<div class=\"e-con-inner\">\n\t\t\t\t<div class=\"elementor-element elementor-element-cd981a0 elementor-widget elementor-widget-text-editor\" data-id=\"cd981a0\" data-element_type=\"widget\" data-e-type=\"widget\" data-widget_type=\"text-editor.default\">\n\t\t\t\t<div class=\"elementor-widget-container\">\n\t\t\t\t\t\t\t\t\t<h2><span style=\"color: #015093;\">Qu\u2019est ce qu\u2019une perspective f\u00e9ministe de l\u2019agro\u00e9cologie ? <\/span><\/h2><p>Les pays dans lesquels nous travaillons sont profond\u00e9ment agricoles et vuln\u00e9rables aux changements climatiques. Dans ces deux r\u00e9alit\u00e9s, les femmes sont au centre. Malheureusement, elles le sont souvent en tant que main-d&rsquo;\u0153uvre.<\/p><p>Pourtant, dans toute la cha\u00eene agro\u00e9cologique, les femmes ont une technicit\u00e9 m\u00e9connue, non valoris\u00e9e et m\u00eame n\u00e9glig\u00e9e. Pour les semences, tout le monde reconna\u00eet que les femmes sont les meilleures conservatrices, les meilleures s\u00e9lectionneuses et les meilleures utilisatrices. Elles savent aussi comment conserver les r\u00e9coltes, les transformer et assurer la s\u00e9curit\u00e9 alimentaire.<\/p><p>Voil\u00e0 pourquoi je dis qu&rsquo;elles ne sont pas de simples participantes. Elles sont d\u00e9tentrices de savoirs, de savoir-faire et de savoir-devenir.<\/p><p><strong>Tout l&rsquo;enjeu est de valoriser cette expertise.<\/strong> Les communaut\u00e9s reconnaissaient d\u00e9j\u00e0 la place et le r\u00f4le des femmes, mais sans leur reconna\u00eetre le pouvoir de d\u00e9cider.<\/p><p>Il y a beaucoup d&rsquo;in\u00e9galit\u00e9s entre les hommes et les femmes en mati\u00e8re d&rsquo;acc\u00e8s \u00e0 la terre, aux technologies, au financement et aux r\u00f4les que chacun doit jouer. Tant qu&rsquo;on ne r\u00e9duit pas ces in\u00e9galit\u00e9s, on ne va pas avancer.<\/p>\t\t\t\t\t\t\t\t<\/div>\n\t\t\t\t<\/div>\n\t\t\t\t\t<\/div>\n\t\t\t\t<\/div>\n\t\t<div class=\"elementor-element elementor-element-20eb9f2 e-flex e-con-boxed e-con e-parent\" data-id=\"20eb9f2\" data-element_type=\"container\" data-e-type=\"container\">\n\t\t\t\t\t<div class=\"e-con-inner\">\n\t\t\t\t<div class=\"elementor-element elementor-element-f36fd6e elementor-blockquote--skin-quotation elementor-blockquote--align-center elementor-widget elementor-widget-blockquote\" data-id=\"f36fd6e\" data-element_type=\"widget\" data-e-type=\"widget\" data-widget_type=\"blockquote.default\">\n\t\t\t\t<div class=\"elementor-widget-container\">\n\t\t\t\t\t\t\t<blockquote class=\"elementor-blockquote\">\n\t\t\t<p class=\"elementor-blockquote__content\">\n\t\t\t\tElles ne sont pas de simples participantes. Elles sont d\u00e9tentrices de savoirs, de savoir-faire et de savoir-devenir.\t\t\t<\/p>\n\t\t\t\t\t<\/blockquote>\n\t\t\t\t\t\t<\/div>\n\t\t\t\t<\/div>\n\t\t\t\t\t<\/div>\n\t\t\t\t<\/div>\n\t\t<div class=\"elementor-element elementor-element-9c0f490 e-flex e-con-boxed e-con e-parent\" data-id=\"9c0f490\" data-element_type=\"container\" data-e-type=\"container\">\n\t\t\t\t\t<div class=\"e-con-inner\">\n\t\t\t\t<div class=\"elementor-element elementor-element-7a78462 elementor-widget elementor-widget-text-editor\" data-id=\"7a78462\" data-element_type=\"widget\" data-e-type=\"widget\" data-widget_type=\"text-editor.default\">\n\t\t\t\t<div class=\"elementor-widget-container\">\n\t\t\t\t\t\t\t\t\t<p>Adopter <a href=\"https:\/\/interpares.ca\/fr\/egalite-de-genre-et-agroecologie-menee-par-les-femmes\/\">une approche f\u00e9ministe de l\u2019agro\u00e9cologie<\/a>, c&rsquo;est cr\u00e9er les conditions dans la communaut\u00e9 pour que les femmes puissent agir comme des actrices libres, au m\u00eame titre que les hommes, \u00e0 toutes les \u00e9tapes de l&rsquo;agro\u00e9cologie et de l&rsquo;action climatique.<\/p><p>Cela veut dire qu&rsquo;il faut tenir compte du contexte et des r\u00e9alit\u00e9s des femmes comme des hommes. Tant qu&rsquo;on n&rsquo;aborde pas ces rapports de pouvoir dans l&rsquo;agro\u00e9cologie, la transition agro\u00e9cologique va \u00e9chouer.<\/p>\t\t\t\t\t\t\t\t<\/div>\n\t\t\t\t<\/div>\n\t\t\t\t\t<\/div>\n\t\t\t\t<\/div>\n\t\t<div class=\"elementor-element elementor-element-ef1393d e-flex e-con-boxed e-con e-parent\" data-id=\"ef1393d\" data-element_type=\"container\" data-e-type=\"container\">\n\t\t\t\t\t<div class=\"e-con-inner\">\n\t\t\t\t<div class=\"elementor-element elementor-element-d444cab elementor-widget elementor-widget-text-editor\" data-id=\"d444cab\" data-element_type=\"widget\" data-e-type=\"widget\" data-widget_type=\"text-editor.default\">\n\t\t\t\t<div class=\"elementor-widget-container\">\n\t\t\t\t\t\t\t\t\t<h2><span style=\"color: #015093;\">Tu travailles avec nos homologues depuis plus de 20 ans. Au fil des ann\u00e9es, quels changements t&rsquo;ont le plus marqu\u00e9e ?\u00a0<\/span><\/h2><p><span data-contrast=\"none\">Le premier changement que je note, c&rsquo;est cette grande confiance en soi qui a \u00e9t\u00e9 renforc\u00e9e chez les femmes. Beaucoup se demandaient : \u00ab Est-ce que je suis une citoyenne \u00e0 part enti\u00e8re? Est-ce que je suis capable? \u00bb <\/span><\/p><p><strong>Avec les formations sur le leadership, l&rsquo;\u00e9galit\u00e9 de genre, l&rsquo;approche f\u00e9ministe et le plaidoyer, beaucoup se sont lib\u00e9r\u00e9es de ce complexe d&rsquo;inf\u00e9riorit\u00e9 et ont pris sur elles d&rsquo;agir.<\/strong><\/p><p>Aujourd&rsquo;hui, elles ont compris qu&rsquo;elles avaient des droits. Elles ont eu le courage d&rsquo;aller demander des terres \u00e0 des propri\u00e9taires ou \u00e0 des autorit\u00e9s coutumi\u00e8res pour produire elles-m\u00eames ce qu&rsquo;elles veulent produire. Elles participent \u00e0 des instances de d\u00e9cision dans leur communaut\u00e9. \u00a0<\/p>\t\t\t\t\t\t\t\t<\/div>\n\t\t\t\t<\/div>\n\t\t\t\t\t<\/div>\n\t\t\t\t<\/div>\n\t\t<div class=\"elementor-element elementor-element-1828f44 e-flex e-con-boxed e-con e-parent\" data-id=\"1828f44\" data-element_type=\"container\" data-e-type=\"container\">\n\t\t\t\t\t<div class=\"e-con-inner\">\n\t\t\t\t<div class=\"elementor-element elementor-element-c5eb510 elementor-blockquote--skin-quotation elementor-blockquote--align-center elementor-widget elementor-widget-blockquote\" data-id=\"c5eb510\" data-element_type=\"widget\" data-e-type=\"widget\" data-widget_type=\"blockquote.default\">\n\t\t\t\t<div class=\"elementor-widget-container\">\n\t\t\t\t\t\t\t<blockquote class=\"elementor-blockquote\">\n\t\t\t<p class=\"elementor-blockquote__content\">\n\t\t\t\tElles ont compris qu'elles avaient des droits.\t\t\t<\/p>\n\t\t\t\t\t<\/blockquote>\n\t\t\t\t\t\t<\/div>\n\t\t\t\t<\/div>\n\t\t\t\t\t<\/div>\n\t\t\t\t<\/div>\n\t\t<div class=\"elementor-element elementor-element-f32ce20 e-flex e-con-boxed e-con e-parent\" data-id=\"f32ce20\" data-element_type=\"container\" data-e-type=\"container\">\n\t\t\t\t\t<div class=\"e-con-inner\">\n\t\t\t\t<div class=\"elementor-element elementor-element-f2af9a7 elementor-widget elementor-widget-text-editor\" data-id=\"f2af9a7\" data-element_type=\"widget\" data-e-type=\"widget\" data-widget_type=\"text-editor.default\">\n\t\t\t\t<div class=\"elementor-widget-container\">\n\t\t\t\t\t\t\t\t\t<p>Certaines ont pu obtenir une pi\u00e8ce d&rsquo;identit\u00e9. Pour acc\u00e9der \u00e0 un cr\u00e9dit, obtenir une terre ou participer \u00e0 certaines instances, il faut exister juridiquement. Aujourd&rsquo;hui, elles sont fi\u00e8res d\u2019exister comme citoyennes \u00e0 part enti\u00e8re.<\/p><p>Mais il y a aussi des changements qu&rsquo;on ne mesure pas facilement. Une femme m&rsquo;a dit : \u00ab Je communique mieux avec mon mari. \u00bb Maintenant elle discute de son travail dans la coop\u00e9rative et de ses projets avec son mari. Elle se sent valoris\u00e9e dans son couple, ce qui lui permet de s\u2019impliquer plus dans la communaut\u00e9.<\/p><p>Ce ne sont pas des mesures quantitatives. C&rsquo;est qualitatif. <strong>Mais c&rsquo;est l\u00e0 que commence la transformation sociale durable.<\/strong><\/p>\t\t\t\t\t\t\t\t<\/div>\n\t\t\t\t<\/div>\n\t\t\t\t\t<\/div>\n\t\t\t\t<\/div>\n\t\t<div class=\"elementor-element elementor-element-ab802ea e-flex e-con-boxed e-con e-parent\" data-id=\"ab802ea\" data-element_type=\"container\" data-e-type=\"container\">\n\t\t\t\t\t<div class=\"e-con-inner\">\n\t\t\t\t<div class=\"elementor-element elementor-element-fbe16c7 elementor-widget elementor-widget-text-editor\" data-id=\"fbe16c7\" data-element_type=\"widget\" data-e-type=\"widget\" data-widget_type=\"text-editor.default\">\n\t\t\t\t<div class=\"elementor-widget-container\">\n\t\t\t\t\t\t\t\t\t<h2><span style=\"color: #015093;\">Pourquoi est-il essentiel d&rsquo;impliquer aussi les hommes ?\u00a0<\/span><\/h2><p><strong>L&rsquo;approche f\u00e9ministe n&rsquo;est pas un combat contre les hommes<\/strong>. Dans nos contextes, le patriarcat donne beaucoup de privil\u00e8ges aux hommes, mais eux aussi ont \u00e9t\u00e9 socialis\u00e9s dans ce syst\u00e8me. Si on veut d\u00e9construire ces rapports in\u00e9gaux, il faut les impliquer.<\/p><p>Nous avons d\u00e9velopp\u00e9 une approche des <strong>champions f\u00e9ministes<\/strong> : des hommes qui utilisent leur influence pour soutenir les femmes et sensibiliser les autres hommes. Ils accompagnent les femmes lorsqu&rsquo;elles veulent obtenir des terres ou dialoguer avec les autorit\u00e9s. Cela change compl\u00e8tement le regard port\u00e9 sur leurs d\u00e9marches. \u00a0<\/p>\t\t\t\t\t\t\t\t<\/div>\n\t\t\t\t<\/div>\n\t\t\t\t\t<\/div>\n\t\t\t\t<\/div>\n\t\t<div class=\"elementor-element elementor-element-31d1672 e-flex e-con-boxed e-con e-parent\" data-id=\"31d1672\" data-element_type=\"container\" data-e-type=\"container\">\n\t\t\t\t\t<div class=\"e-con-inner\">\n\t\t\t\t<div class=\"elementor-element elementor-element-7cd177e elementor-blockquote--skin-quotation elementor-blockquote--align-center elementor-widget elementor-widget-blockquote\" data-id=\"7cd177e\" data-element_type=\"widget\" data-e-type=\"widget\" data-widget_type=\"blockquote.default\">\n\t\t\t\t<div class=\"elementor-widget-container\">\n\t\t\t\t\t\t\t<blockquote class=\"elementor-blockquote\">\n\t\t\t<p class=\"elementor-blockquote__content\">\n\t\t\t\tLe but est de cr\u00e9er plus d'harmonie dans les rapports entre les femmes et les hommes pour qu'ils et elles puissent produire ensemble, g\u00e9rer ensemble, communiquer et se compl\u00e9ter.\t\t\t<\/p>\n\t\t\t\t\t<\/blockquote>\n\t\t\t\t\t\t<\/div>\n\t\t\t\t<\/div>\n\t\t\t\t\t<\/div>\n\t\t\t\t<\/div>\n\t\t<div class=\"elementor-element elementor-element-62840f9 e-flex e-con-boxed e-con e-parent\" data-id=\"62840f9\" data-element_type=\"container\" data-e-type=\"container\">\n\t\t\t\t\t<div class=\"e-con-inner\">\n\t\t\t\t<div class=\"elementor-element elementor-element-b8f275f elementor-widget elementor-widget-text-editor\" data-id=\"b8f275f\" data-element_type=\"widget\" data-e-type=\"widget\" data-widget_type=\"text-editor.default\">\n\t\t\t\t<div class=\"elementor-widget-container\">\n\t\t\t\t\t\t\t\t\t<p><strong>Nous avons aussi travaill\u00e9 sur la r\u00e9partition des t\u00e2ches domestiques.<\/strong> Certains hommes commencent alors \u00e0 aller chercher l&rsquo;eau, le bois ou \u00e0 encourager leurs fils \u00e0 aider leur m\u00e8re et leurs s\u0153urs. C&rsquo;est un pas important pour nous. On \u00e9duque les hommes de demain.<\/p><p>Petit \u00e0 petit, cela lib\u00e8re du temps pour les femmes. Elles peuvent participer davantage aux coop\u00e9ratives, aux formations, aux espaces de d\u00e9cision et aux activit\u00e9s \u00e9conomiques. <strong>Plus les hommes comprennent les enjeux, mieux \u00e7a vaut pour tout le monde.<\/strong> Toute la communaut\u00e9 en b\u00e9n\u00e9ficie.<\/p><p>Le but est de cr\u00e9er plus d&rsquo;harmonie dans les rapports entre les femmes et les hommes pour qu&rsquo;ils et elles puissent produire ensemble, g\u00e9rer ensemble, communiquer et se compl\u00e9ter.<\/p>\t\t\t\t\t\t\t\t<\/div>\n\t\t\t\t<\/div>\n\t\t\t\t\t<\/div>\n\t\t\t\t<\/div>\n\t\t<div class=\"elementor-element elementor-element-a2947a3 e-flex e-con-boxed e-con e-parent\" data-id=\"a2947a3\" data-element_type=\"container\" data-e-type=\"container\">\n\t\t\t\t\t<div class=\"e-con-inner\">\n\t\t\t\t<div class=\"elementor-element elementor-element-76e96ac elementor-widget elementor-widget-text-editor\" data-id=\"76e96ac\" data-element_type=\"widget\" data-e-type=\"widget\" data-widget_type=\"text-editor.default\">\n\t\t\t\t<div class=\"elementor-widget-container\">\n\t\t\t\t\t\t\t\t\t<h2><span style=\"color: #015093;\">Qu\u2019est-ce qui fait que cette approche fonctionne, selon toi ?<\/span><\/h2><p><span data-contrast=\"none\">C&rsquo;est une approche qui responsabilise les homologues, qui respecte les normes socioculturelles et les rep\u00e8res sociologiques. <\/span><\/p><p>D\u00e8s le d\u00e9part, les projets ont \u00e9t\u00e9 b\u00e2tis avec l&rsquo;apport des r\u00e9alit\u00e9s des diff\u00e9rents pays. On nous a demand\u00e9 de d\u00e9finir le contexte, les rapports entre les femmes et les hommes, les leviers \u00e0 actionner et les obstacles \u00e0 surmonter. Les actions ont \u00e9t\u00e9 construites \u00e0 partir de ces r\u00e9alit\u00e9s.<\/p><p>Quand on parle d&rsquo;\u00e9galit\u00e9 de genre ou de f\u00e9minisme, on touche aux fondements socioculturels. <strong>L&rsquo;important n&rsquo;est pas de les ignorer, mais de comprendre comment travailler \u00e0 partir de ces rep\u00e8res pour provoquer le changement.<\/strong> Les homologues prennent des initiatives selon leur contexte et responsabilisent les communaut\u00e9s en leur demandant : \u00ab Comment voyez-vous votre changement? \u00bb<\/p><p><strong>On ne doit pas copier-coller un mod\u00e8le d&rsquo;un pays \u00e0 un autre. Il faut partir des r\u00e9alit\u00e9s du terrain.<\/strong><\/p><p>Beaucoup de personnes pensaient que l&rsquo;approche f\u00e9ministe venait de l&rsquo;ext\u00e9rieur. Nos homologues ont r\u00e9ussi \u00e0 la traduire dans les langues nationales, \u00e0 l&rsquo;ancrer dans les r\u00e9alit\u00e9s locales, et les communaut\u00e9s ont compris que cela parlait de leur propre vie. C&rsquo;est ce qui explique l&rsquo;appropriation que j&rsquo;ai observ\u00e9e.<\/p><p>C&rsquo;est ce qui me donne le plus d&rsquo;espoir pour l&rsquo;avenir. \u00a0<\/p>\t\t\t\t\t\t\t\t<\/div>\n\t\t\t\t<\/div>\n\t\t\t\t\t<\/div>\n\t\t\t\t<\/div>\n\t\t<div class=\"elementor-element elementor-element-6378548 e-flex e-con-boxed e-con e-parent\" data-id=\"6378548\" data-element_type=\"container\" data-e-type=\"container\">\n\t\t\t\t\t<div class=\"e-con-inner\">\n\t\t\t\t<div class=\"elementor-element elementor-element-4dda550 elementor-widget elementor-widget-text-editor\" data-id=\"4dda550\" data-element_type=\"widget\" data-e-type=\"widget\" data-widget_type=\"text-editor.default\">\n\t\t\t\t<div class=\"elementor-widget-container\">\n\t\t\t\t\t\t\t\t\t<p style=\"text-align: center;\"><strong>Renforcer la souverainet\u00e9 alimentaire, \u00e0 faire progresser le leadership des femmes et \u00e0 b\u00e2tir des solutions durables port\u00e9es par les communaut\u00e9s.<\/strong><\/p><center><a style=\"display: none;\" href=\"#XZGWNEAB\">donate button<\/a><\/center>\t\t\t\t\t\t\t\t<\/div>\n\t\t\t\t<\/div>\n\t\t\t\t\t<\/div>\n\t\t\t\t<\/div>\n\t\t<div class=\"elementor-element elementor-element-84e9510 e-con-full e-flex e-con e-child\" data-id=\"84e9510\" data-element_type=\"container\" data-e-type=\"container\" data-settings=\"{&quot;background_background&quot;:&quot;classic&quot;}\">\n\t\t<div class=\"elementor-element elementor-element-367ce0f e-con-full e-flex e-con e-child\" data-id=\"367ce0f\" data-element_type=\"container\" data-e-type=\"container\" data-settings=\"{&quot;background_background&quot;:&quot;gradient&quot;}\">\n\t\t<div class=\"elementor-element elementor-element-665f9b6 e-flex e-con-boxed e-con e-child\" data-id=\"665f9b6\" data-element_type=\"container\" data-e-type=\"container\">\n\t\t\t\t\t<div class=\"e-con-inner\">\n\t\t\t\t<div class=\"elementor-element elementor-element-4b7a05e elementor-widget__width-initial elementor-widget elementor-widget-the7-heading\" data-id=\"4b7a05e\" data-element_type=\"widget\" data-e-type=\"widget\" data-widget_type=\"the7-heading.default\">\n\t\t\t\t<div class=\"elementor-widget-container\">\n\t\t\t\t\t<h2 class=\"the7-heading-title elementor-size-default\">Telle que pr\u00e9sent\u00e9e dans<\/h2>\t\t\t\t<\/div>\n\t\t\t\t<\/div>\n\t\t\t\t<div class=\"elementor-element elementor-element-794238e elementor-widget elementor-widget-heading\" data-id=\"794238e\" data-element_type=\"widget\" data-e-type=\"widget\" data-widget_type=\"heading.default\">\n\t\t\t\t<div class=\"elementor-widget-container\">\n\t\t\t\t\t<h4 class=\"elementor-heading-title elementor-size-default\">L\u2019agro\u00e9cologie,\nc\u2019est plus\nque cultiver\ndes aliments<\/h4>\t\t\t\t<\/div>\n\t\t\t\t<\/div>\n\t\t\t\t<div class=\"elementor-element elementor-element-a80294e elementor-widget elementor-widget-text-editor\" data-id=\"a80294e\" data-element_type=\"widget\" data-e-type=\"widget\" data-widget_type=\"text-editor.default\">\n\t\t\t\t<div class=\"elementor-widget-container\">\n\t\t\t\t\t\t\t\t\t<p>Dans ce <em>bulletin<\/em>, on voit en quoi l&rsquo;acrog\u00e9cologie est plus qu\u2019un ensemble de pratiques agricoles.<\/p>\t\t\t\t\t\t\t\t<\/div>\n\t\t\t\t<\/div>\n\t\t\t\t<div class=\"elementor-element elementor-element-2b73a0a elementor-widget elementor-widget-button\" data-id=\"2b73a0a\" data-element_type=\"widget\" data-e-type=\"widget\" data-widget_type=\"button.default\">\n\t\t\t\t<div class=\"elementor-widget-container\">\n\t\t\t\t\t\t\t\t\t<div class=\"elementor-button-wrapper\">\n\t\t\t\t\t<a class=\"elementor-button elementor-button-link elementor-size-sm\" href=\"https:\/\/interpares.ca\/wp-content\/uploads\/2026\/08\/agroecologie-inter-pares-bulletin.pdf\">\n\t\t\t\t\t\t<span class=\"elementor-button-content-wrapper\">\n\t\t\t\t\t\t\t\t\t<span class=\"elementor-button-text\">Lisez maintenant<\/span>\n\t\t\t\t\t<\/span>\n\t\t\t\t\t<\/a>\n\t\t\t\t<\/div>\n\t\t\t\t\t\t\t\t<\/div>\n\t\t\t\t<\/div>\n\t\t\t\t\t<\/div>\n\t\t\t\t<\/div>\n\t\t<div class=\"elementor-element elementor-element-8c91ba1 e-con-full e-flex e-con e-child\" data-id=\"8c91ba1\" data-element_type=\"container\" data-e-type=\"container\">\n\t\t\t\t<div class=\"elementor-element elementor-element-c2ffb34 content-align-center preserve-img-ratio-contain e-transform e-transform the7-hover-visibility-disabled transform-overlay-yes exceeding-frame-yes elementor-widget elementor-widget-the7-image-widget\" data-id=\"c2ffb34\" data-element_type=\"widget\" data-e-type=\"widget\" data-settings=\"{&quot;_transform_rotateZ_effect&quot;:{&quot;unit&quot;:&quot;px&quot;,&quot;size&quot;:2,&quot;sizes&quot;:[]},&quot;hover_visibility&quot;:&quot;disabled&quot;,&quot;_transform_rotateZ_effect_tablet&quot;:{&quot;unit&quot;:&quot;deg&quot;,&quot;size&quot;:&quot;&quot;,&quot;sizes&quot;:[]},&quot;_transform_rotateZ_effect_mobile&quot;:{&quot;unit&quot;:&quot;deg&quot;,&quot;size&quot;:&quot;&quot;,&quot;sizes&quot;:[]},&quot;_transform_translateX_effect&quot;:{&quot;unit&quot;:&quot;px&quot;,&quot;size&quot;:&quot;&quot;,&quot;sizes&quot;:[]},&quot;_transform_translateX_effect_tablet&quot;:{&quot;unit&quot;:&quot;px&quot;,&quot;size&quot;:&quot;&quot;,&quot;sizes&quot;:[]},&quot;_transform_translateX_effect_mobile&quot;:{&quot;unit&quot;:&quot;px&quot;,&quot;size&quot;:&quot;&quot;,&quot;sizes&quot;:[]},&quot;_transform_translateY_effect&quot;:{&quot;unit&quot;:&quot;px&quot;,&quot;size&quot;:&quot;&quot;,&quot;sizes&quot;:[]},&quot;_transform_translateY_effect_tablet&quot;:{&quot;unit&quot;:&quot;px&quot;,&quot;size&quot;:&quot;&quot;,&quot;sizes&quot;:[]},&quot;_transform_translateY_effect_mobile&quot;:{&quot;unit&quot;:&quot;px&quot;,&quot;size&quot;:&quot;&quot;,&quot;sizes&quot;:[]}}\" data-widget_type=\"the7-image-widget.default\">\n\t\t\t\t<div class=\"elementor-widget-container\">\n\t\t\t\t\t<div class=\"the7-image-container\"><div class=\"the7-image-wrapper the7-elementor-widget the7-transform-container\"><a class=\"post-thumbnail-rollover layzr-bg img-css-resize-wrapper\" href=\"https:\/\/interpares.ca\/wp-content\/uploads\/2026\/08\/agroecologie-inter-pares-bulletin.pdf\"><img fetchpriority=\"high\" decoding=\"async\" width=\"682\" height=\"874\" src=\"data:image\/svg+xml,%3Csvg%20xmlns%3D&#039;http%3A%2F%2Fwww.w3.org%2F2000%2Fsvg&#039;%20viewBox%3D&#039;0%200%20682%20874&#039;%2F%3E\" class=\"attachment-full size-full preload-me aspect lazy lazy-load\" alt=\"\" sizes=\"(max-width: 682px) 100vw, 682px\" style=\"--ratio: 682 \/ 874;\" data-src=\"https:\/\/interpares.ca\/wp-content\/uploads\/2026\/09\/agroecologie-bulletin-couverture-sep-2026-fr-2.png\" loading=\"eager\" data-srcset=\"https:\/\/interpares.ca\/wp-content\/uploads\/2026\/09\/agroecologie-bulletin-couverture-sep-2026-fr-2.png 682w, https:\/\/interpares.ca\/wp-content\/uploads\/2026\/09\/agroecologie-bulletin-couverture-sep-2026-fr-2-234x300.png 234w\" \/><\/a><\/div><\/div>\t\t\t\t<\/div>\n\t\t\t\t<\/div>\n\t\t\t\t<\/div>\n\t\t\t\t<\/div>\n\t\t\t\t<\/div>\n\t\t<div class=\"elementor-element elementor-element-fdf184f e-flex e-con-boxed e-con e-parent\" data-id=\"fdf184f\" data-element_type=\"container\" data-e-type=\"container\">\n\t\t\t\t\t<div class=\"e-con-inner\">\n\t\t\t\t<div class=\"elementor-element elementor-element-e642084 elementor-widget-tablet__width-inherit team-heeding elementor-widget elementor-widget-the7-heading\" data-id=\"e642084\" data-element_type=\"widget\" data-e-type=\"widget\" data-widget_type=\"the7-heading.default\">\n\t\t\t\t<div class=\"elementor-widget-container\">\n\t\t\t\t\t<h2 class=\"the7-heading-title elementor-size-default\">Derni\u00e8res nouvelles et r\u00e9cits<\/h2>\t\t\t\t<\/div>\n\t\t\t\t<\/div>\n\t\t\t\t<div class=\"elementor-element elementor-element-669a0cf elementor-widget elementor-widget-pgs_custom_post_list\" data-id=\"669a0cf\" data-element_type=\"widget\" data-e-type=\"widget\" data-settings=\"{&quot;_animation&quot;:&quot;none&quot;}\" data-widget_type=\"pgs_custom_post_list.default\">\n\t\t\t\t<div class=\"elementor-widget-container\">\n\t\t\t\t\t\t\t<div class=\"issue-widget-wrap\"\n\t\t\tdata-widget-id=\"issue_widget_2712433215\"\n\t\t\tdata-posttype=\"post\"\n\t\t\tdata-taxonomies=\"issues\"\n\t\t\tdata-terms=\"{&quot;issues&quot;:[1100]}\"\n\t\t\tdata-postsperpage=\"3\"\n\t\t\tdata-showpagination=\"no\"\n\t\t\tdata-show_hotdogs=\"no\"\n\t\t\tdata-showtags=\"no\"\n\t\t\tdata-showcategories=\"no\"\n\t\t\tdata-showexcerpt=\"no\"\n\t\t\tdata-showdate=\"no\"\n\t\t\tdata-orderby=\"post_date\"\n\t\t\tdata-order=\"desc\">\n\n\t\t\t<div class=\"issue-tag-widget\">\n\t\t\t\t\t\t\t\t\t<div class=\"news-stories-posts-grid\">\n\t\t\t\t\t\t\t\t\t\t\t\t\t<article class=\"news-card\">\n\t\t\t\t\t\t\t\t<div class=\"issue-post-item\">\n\t\t\t\t\t\t\t\t\t\t\t\t\t\t\t\t\t\t\t<div class=\"news-thumb\"><a href=\"https:\/\/interpares.ca\/fr\/ou-lalimentation-trouve-sa-juste-valeur\/\" class=\"news-card-thumb\"><img decoding=\"async\" width=\"2048\" height=\"1536\" src=\"https:\/\/interpares.ca\/wp-content\/uploads\/2026\/09\/natural-pesticide-agroecology-senegal.jpg\" class=\"attachment-medium-large size-medium-large wp-post-image\" alt=\"Two women outdoors pound ingredients in a large wooden mortar with long pestles, wearing brightly patterned clothing beneath trees.\" srcset=\"https:\/\/interpares.ca\/wp-content\/uploads\/2026\/09\/natural-pesticide-agroecology-senegal.jpg 2048w, https:\/\/interpares.ca\/wp-content\/uploads\/2026\/09\/natural-pesticide-agroecology-senegal-300x225.jpg 300w, https:\/\/interpares.ca\/wp-content\/uploads\/2026\/09\/natural-pesticide-agroecology-senegal-1024x768.jpg 1024w, https:\/\/interpares.ca\/wp-content\/uploads\/2026\/09\/natural-pesticide-agroecology-senegal-768x576.jpg 768w, https:\/\/interpares.ca\/wp-content\/uploads\/2026\/09\/natural-pesticide-agroecology-senegal-1536x1152.jpg 1536w\" sizes=\"(max-width: 2048px) 100vw, 2048px\" \/><\/a><\/div>\n\t\t\t\t\t\t\t\t\t\t\t\t\t\t\t\t\t\t\t<div class=\"news-card-content\">\n\t\t\t\t\t\t\t\t\t\t<h3 class=\"news-title\"><a href=\"https:\/\/interpares.ca\/fr\/ou-lalimentation-trouve-sa-juste-valeur\/\">O\u00f9 l\u2019alimentation trouve sa\u00a0juste\u00a0valeur\u00a0<\/a><\/h3>\n\t\t\t\t\t\t\t\t\t\t <p class=\"news-content\">\n\t\t\t\t\t\t\t\t\t\t\t\t\t\t\t\t\t\t\t\t\t <\/p>\n\t\t\t\t\t\t\t\t\t\t\t\t\t\t\t\t\t\t\t\t\t<div class=\"post-taxonomies news-meta\">\n\t\t\t\t\t\t\t\t\t\t\t\t\t\t\t\t\t\t\t\t\t\t\t\t\t\t\t<a href=\"https:\/\/interpares.ca\/fr\/regions\/burkina-faso\/\" class=\"custom-post-tags custom-region-tag\">\n\t\t\t\t\t\t\t\t\t\t\t\t\t\t\t\tBurkina Faso\t\t\t\t\t\t\t\t\t\t\t\t\t\t\t<\/a>\n\t\t\t\t\t\t\t\t\t\t\t\t\t\t\t\t\t\t\t\t\t\t\t\t\t\t\t\t\t\t<a href=\"https:\/\/interpares.ca\/fr\/regions\/guinee-bissau-fr\/\" class=\"custom-post-tags custom-region-tag\">\n\t\t\t\t\t\t\t\t\t\t\t\t\t\t\t\tGuin\u00e9e-Bissau\t\t\t\t\t\t\t\t\t\t\t\t\t\t\t<\/a>\n\t\t\t\t\t\t\t\t\t\t\t\t\t\t\t\t\t\t\t\t\t\t\t\t\t\t\t\t\t\t<a href=\"https:\/\/interpares.ca\/fr\/regions\/senegal-2\/\" class=\"custom-post-tags custom-region-tag\">\n\t\t\t\t\t\t\t\t\t\t\t\t\t\t\t\tS\u00e9n\u00e9gal\t\t\t\t\t\t\t\t\t\t\t\t\t\t\t<\/a>\n\t\t\t\t\t\t\t\t\t\t\t\t\t\t\t\t\t\t\t\t\t\t\t\t\t\t\t\t\t\t<a href=\"https:\/\/interpares.ca\/fr\/regions\/togo-fr\/\" class=\"custom-post-tags custom-region-tag\">\n\t\t\t\t\t\t\t\t\t\t\t\t\t\t\t\tTogo\t\t\t\t\t\t\t\t\t\t\t\t\t\t\t<\/a>\n\t\t\t\t\t\t\t\t\t\t\t\t\t\t\t\t\t\t\t\t\t\t\t\t\t\t<\/div>\n\t\t\t\t\t\t\t\t\t\t\t\t\t\t\t\t\t\t\t\t<\/div>\n\t\t\t\t\t\t\t\t<\/div>\n\t\t\t\t\t\t\t<\/article>\n\t\t\t\t\t\t\t\t\t\t\t\t\t\t<article class=\"news-card\">\n\t\t\t\t\t\t\t\t<div class=\"issue-post-item\">\n\t\t\t\t\t\t\t\t\t\t\t\t\t\t\t\t\t\t\t<div class=\"news-thumb\"><a href=\"https:\/\/interpares.ca\/fr\/une-approche-feministe-de-lagroecologie-avec-mariame-ouattara\/\" class=\"news-card-thumb\"><img loading=\"lazy\" decoding=\"async\" width=\"2048\" height=\"1536\" src=\"https:\/\/interpares.ca\/wp-content\/uploads\/2026\/08\/mariame-ouattara-burkina-faso.jpg\" class=\"attachment-medium-large size-medium-large wp-post-image\" alt=\"Mariam\u00e9 Ouattara stands among vibrant flowers in a rural garden landscape beneath blue skies, celebrating agriculture, biodiversity and community.\" srcset=\"https:\/\/interpares.ca\/wp-content\/uploads\/2026\/08\/mariame-ouattara-burkina-faso.jpg 2048w, https:\/\/interpares.ca\/wp-content\/uploads\/2026\/08\/mariame-ouattara-burkina-faso-300x225.jpg 300w, https:\/\/interpares.ca\/wp-content\/uploads\/2026\/08\/mariame-ouattara-burkina-faso-1024x768.jpg 1024w, https:\/\/interpares.ca\/wp-content\/uploads\/2026\/08\/mariame-ouattara-burkina-faso-768x576.jpg 768w, https:\/\/interpares.ca\/wp-content\/uploads\/2026\/08\/mariame-ouattara-burkina-faso-1536x1152.jpg 1536w\" sizes=\"(max-width: 2048px) 100vw, 2048px\" \/><\/a><\/div>\n\t\t\t\t\t\t\t\t\t\t\t\t\t\t\t\t\t\t\t<div class=\"news-card-content\">\n\t\t\t\t\t\t\t\t\t\t<h3 class=\"news-title\"><a href=\"https:\/\/interpares.ca\/fr\/une-approche-feministe-de-lagroecologie-avec-mariame-ouattara\/\">Une approche f\u00e9ministe de l&rsquo;agro\u00e9cologie avec Mariam\u00e9 Ouattara\u00a0<\/a><\/h3>\n\t\t\t\t\t\t\t\t\t\t <p class=\"news-content\">\n\t\t\t\t\t\t\t\t\t\t\t\t\t\t\t\t\t\t\t\t\t <\/p>\n\t\t\t\t\t\t\t\t\t\t\t\t\t\t\t\t\t\t\t\t\t<div class=\"post-taxonomies news-meta\">\n\t\t\t\t\t\t\t\t\t\t\t\t\t\t\t\t\t\t\t\t\t\t\t\t\t\t\t<a href=\"https:\/\/interpares.ca\/fr\/regions\/burkina-faso\/\" class=\"custom-post-tags custom-region-tag\">\n\t\t\t\t\t\t\t\t\t\t\t\t\t\t\t\tBurkina Faso\t\t\t\t\t\t\t\t\t\t\t\t\t\t\t<\/a>\n\t\t\t\t\t\t\t\t\t\t\t\t\t\t\t\t\t\t\t\t\t\t\t\t\t\t\t\t\t\t<a href=\"https:\/\/interpares.ca\/fr\/regions\/guinee-bissau-fr\/\" class=\"custom-post-tags custom-region-tag\">\n\t\t\t\t\t\t\t\t\t\t\t\t\t\t\t\tGuin\u00e9e-Bissau\t\t\t\t\t\t\t\t\t\t\t\t\t\t\t<\/a>\n\t\t\t\t\t\t\t\t\t\t\t\t\t\t\t\t\t\t\t\t\t\t\t\t\t\t\t\t\t\t<a href=\"https:\/\/interpares.ca\/fr\/regions\/senegal-2\/\" class=\"custom-post-tags custom-region-tag\">\n\t\t\t\t\t\t\t\t\t\t\t\t\t\t\t\tS\u00e9n\u00e9gal\t\t\t\t\t\t\t\t\t\t\t\t\t\t\t<\/a>\n\t\t\t\t\t\t\t\t\t\t\t\t\t\t\t\t\t\t\t\t\t\t\t\t\t\t\t\t\t\t<a href=\"https:\/\/interpares.ca\/fr\/regions\/togo-fr\/\" class=\"custom-post-tags custom-region-tag\">\n\t\t\t\t\t\t\t\t\t\t\t\t\t\t\t\tTogo\t\t\t\t\t\t\t\t\t\t\t\t\t\t\t<\/a>\n\t\t\t\t\t\t\t\t\t\t\t\t\t\t\t\t\t\t\t\t\t\t\t\t\t\t<\/div>\n\t\t\t\t\t\t\t\t\t\t\t\t\t\t\t\t\t\t\t\t<\/div>\n\t\t\t\t\t\t\t\t<\/div>\n\t\t\t\t\t\t\t<\/article>\n\t\t\t\t\t\t\t\t\t\t\t\t\t\t<article class=\"news-card\">\n\t\t\t\t\t\t\t\t<div class=\"issue-post-item\">\n\t\t\t\t\t\t\t\t\t\t\t\t\t\t\t\t\t\t\t<div class=\"news-thumb\"><a href=\"https:\/\/interpares.ca\/fr\/sappuyer-sur-des-savoirs-partages\/\" class=\"news-card-thumb\"><img loading=\"lazy\" decoding=\"async\" width=\"2048\" height=\"1536\" src=\"https:\/\/interpares.ca\/wp-content\/uploads\/2026\/09\/women-harvest-honey-guinea-bissau.jpg\" class=\"attachment-medium-large size-medium-large wp-post-image\" alt=\"Three women beekeepers wearing protective suits and gloves inspect equipment outdoors, collaborating carefully during hive management at dusk.\" srcset=\"https:\/\/interpares.ca\/wp-content\/uploads\/2026\/09\/women-harvest-honey-guinea-bissau.jpg 2048w, https:\/\/interpares.ca\/wp-content\/uploads\/2026\/09\/women-harvest-honey-guinea-bissau-300x225.jpg 300w, https:\/\/interpares.ca\/wp-content\/uploads\/2026\/09\/women-harvest-honey-guinea-bissau-1024x768.jpg 1024w, https:\/\/interpares.ca\/wp-content\/uploads\/2026\/09\/women-harvest-honey-guinea-bissau-768x576.jpg 768w, https:\/\/interpares.ca\/wp-content\/uploads\/2026\/09\/women-harvest-honey-guinea-bissau-1536x1152.jpg 1536w\" sizes=\"(max-width: 2048px) 100vw, 2048px\" \/><\/a><\/div>\n\t\t\t\t\t\t\t\t\t\t\t\t\t\t\t\t\t\t\t<div class=\"news-card-content\">\n\t\t\t\t\t\t\t\t\t\t<h3 class=\"news-title\"><a href=\"https:\/\/interpares.ca\/fr\/sappuyer-sur-des-savoirs-partages\/\">S\u2019appuyer sur des savoirs partag\u00e9s<\/a><\/h3>\n\t\t\t\t\t\t\t\t\t\t <p class=\"news-content\">\n\t\t\t\t\t\t\t\t\t\t\t\t\t\t\t\t\t\t\t\t\t <\/p>\n\t\t\t\t\t\t\t\t\t\t\t\t\t\t\t\t\t\t\t\t\t<div class=\"post-taxonomies news-meta\">\n\t\t\t\t\t\t\t\t\t\t\t\t\t\t\t\t\t\t\t\t\t\t\t\t\t\t\t<a href=\"https:\/\/interpares.ca\/fr\/regions\/guinee-bissau-fr\/\" class=\"custom-post-tags custom-region-tag\">\n\t\t\t\t\t\t\t\t\t\t\t\t\t\t\t\tGuin\u00e9e-Bissau\t\t\t\t\t\t\t\t\t\t\t\t\t\t\t<\/a>\n\t\t\t\t\t\t\t\t\t\t\t\t\t\t\t\t\t\t\t\t\t\t\t\t\t\t\t\t\t\t<a href=\"https:\/\/interpares.ca\/fr\/regions\/senegal-2\/\" class=\"custom-post-tags custom-region-tag\">\n\t\t\t\t\t\t\t\t\t\t\t\t\t\t\t\tS\u00e9n\u00e9gal\t\t\t\t\t\t\t\t\t\t\t\t\t\t\t<\/a>\n\t\t\t\t\t\t\t\t\t\t\t\t\t\t\t\t\t\t\t\t\t\t\t\t\t\t<\/div>\n\t\t\t\t\t\t\t\t\t\t\t\t\t\t\t\t\t\t\t\t<\/div>\n\t\t\t\t\t\t\t\t<\/div>\n\t\t\t\t\t\t\t<\/article>\n\t\t\t\t\t\t\t\t\t\t\t\t<\/div>\n\t\t\t\t\t\t\t\t<\/div>\n\t\t\t\t\t<\/div>\n\t\t\t\t\t\t<\/div>\n\t\t\t\t<\/div>\n\t\t\t\t\t<\/div>\n\t\t\t\t<\/div>\n\t\t<div class=\"elementor-element elementor-element-51c8e22 e-con-full e-flex e-con e-child\" data-id=\"51c8e22\" data-element_type=\"container\" data-e-type=\"container\" data-settings=\"{&quot;background_background&quot;:&quot;classic&quot;}\">\n\t\t<div class=\"elementor-element elementor-element-5604410 e-flex e-con-boxed e-con e-child\" data-id=\"5604410\" data-element_type=\"container\" data-e-type=\"container\" data-settings=\"{&quot;background_background&quot;:&quot;gradient&quot;}\">\n\t\t\t\t\t<div class=\"e-con-inner\">\n\t\t<div class=\"elementor-element elementor-element-20893ba e-con-fit e-flex e-con e-child\" data-id=\"20893ba\" data-element_type=\"container\" data-e-type=\"container\">\n\t\t\t\t<div class=\"elementor-element elementor-element-5b4faae elementor-widget elementor-widget-text-editor\" data-id=\"5b4faae\" data-element_type=\"widget\" data-e-type=\"widget\" data-widget_type=\"text-editor.default\">\n\t\t\t\t<div class=\"elementor-widget-container\">\n\t\t\t\t\t\t\t\t\t<p><span style=\"color: #000000;\">Inter Pares reconna\u00eet l\u2019appui financier d\u2019Affaires mondiales Canada pour ce project.<\/span><\/p>\t\t\t\t\t\t\t\t<\/div>\n\t\t\t\t<\/div>\n\t\t\t\t<\/div>\n\t\t<div class=\"elementor-element elementor-element-93a9767 e-con-fit e-flex e-con e-child\" data-id=\"93a9767\" data-element_type=\"container\" data-e-type=\"container\">\n\t\t\t\t<div class=\"elementor-element elementor-element-c8e56aa content-align-center preserve-img-ratio-contain the7-hover-visibility-disabled transform-overlay-yes exceeding-frame-yes elementor-widget elementor-widget-the7-image-widget\" data-id=\"c8e56aa\" data-element_type=\"widget\" data-e-type=\"widget\" data-settings=\"{&quot;hover_visibility&quot;:&quot;disabled&quot;}\" data-widget_type=\"the7-image-widget.default\">\n\t\t\t\t<div class=\"elementor-widget-container\">\n\t\t\t\t\t<div class=\"the7-image-container\"><div class=\"the7-image-wrapper the7-elementor-widget the7-transform-container\"><div class=\"post-thumbnail-rollover layzr-bg img-css-resize-wrapper\"><img decoding=\"async\" width=\"300\" height=\"105\" src=\"data:image\/svg+xml,%3Csvg%20xmlns%3D&#039;http%3A%2F%2Fwww.w3.org%2F2000%2Fsvg&#039;%20viewBox%3D&#039;0%200%20300%20105&#039;%2F%3E\" class=\"attachment-medium size-medium preload-me aspect lazy lazy-load\" alt=\"\" sizes=\"(max-width: 300px) 100vw, 300px\" style=\"--ratio: 300 \/ 105;\" data-src=\"https:\/\/interpares.ca\/wp-content\/uploads\/2026\/07\/partners-partenaires-colors-fr-300x105.png\" loading=\"eager\" data-srcset=\"https:\/\/interpares.ca\/wp-content\/uploads\/2026\/07\/partners-partenaires-colors-fr-300x105.png 300w, https:\/\/interpares.ca\/wp-content\/uploads\/2026\/07\/partners-partenaires-colors-fr.png 750w\" \/><\/div><\/div><\/div>\t\t\t\t<\/div>\n\t\t\t\t<\/div>\n\t\t\t\t<\/div>\n\t\t\t\t\t<\/div>\n\t\t\t\t<\/div>\n\t\t\t\t<\/div>\n\t\t\t\t<\/div>\n\t\t","protected":false},"excerpt":{"rendered":"<p>Mariam\u00e9 Ouattara a pass\u00e9 la majeure partie de sa vie \u00e0 \u0153uvrer en Afrique de l\u2019Ouest pour faire avancer l\u2019\u00e9galit\u00e9 de genre et les droits des agricultrices. <\/p>\n","protected":false},"author":4,"featured_media":119859,"comment_status":"open","ping_status":"open","sticky":false,"template":"","format":"standard","meta":{"_acf_changed":false,"footnotes":""},"categories":[1006],"tags":[],"ptype":[1069],"resource_type":[],"regions":[1106,1118,1080,1117],"issues":[1100,1103],"class_list":["post-119609","post","type-post","status-publish","format-standard","has-post-thumbnail","hentry","category-non-categorise","ptype-nouvelles","regions-burkina-faso","regions-guinee-bissau-fr","regions-senegal-2","regions-togo-fr","issues-justice-alimentaire-et-climatique","issues-justice-de-genre-et-droits-des-femmes"],"acf":[],"yoast_head":"<!-- This site is optimized with the Yoast SEO plugin v28.1 - https:\/\/yoast.com\/product\/yoast-seo-wordpress\/ -->\n<title>Une approche f\u00e9ministe de l&#039;agro\u00e9cologie avec Mariam\u00e9 Ouattara\u00a0 - Inter Pares<\/title>\n<meta name=\"description\" content=\"Mariam\u00e9 Ouattara a pass\u00e9 la majeure partie de sa vie \u00e0 \u0153uvrer en Afrique de l\u2019Ouest pour faire avancer l\u2019\u00e9galit\u00e9 de genre et les droits des agricultrices.\" \/>\n<meta name=\"robots\" content=\"index, follow, max-snippet:-1, max-image-preview:large, max-video-preview:-1\" \/>\n<link rel=\"canonical\" href=\"https:\/\/interpares.ca\/?p=119440\" \/>\n<meta property=\"og:locale\" content=\"fr_FR\" \/>\n<meta property=\"og:type\" content=\"article\" \/>\n<meta property=\"og:title\" content=\"Une approche f\u00e9ministe de l&#039;agro\u00e9cologie avec Mariam\u00e9 Ouattara\u00a0 - Inter Pares\" \/>\n<meta property=\"og:description\" content=\"Mariam\u00e9 Ouattara a pass\u00e9 la majeure partie de sa vie \u00e0 \u0153uvrer en Afrique de l\u2019Ouest pour faire avancer l\u2019\u00e9galit\u00e9 de genre et les droits des agricultrices.\" \/>\n<meta property=\"og:url\" content=\"https:\/\/interpares.ca\/?p=119440\" \/>\n<meta property=\"og:site_name\" content=\"Inter Pares\" \/>\n<meta property=\"article:published_time\" content=\"2026-09-01T10:05:00+00:00\" \/>\n<meta property=\"og:image\" content=\"https:\/\/interpares.ca\/wp-content\/uploads\/2026\/08\/mariame-ouattara-burkina-faso.jpg\" \/>\n\t<meta property=\"og:image:width\" content=\"2048\" \/>\n\t<meta property=\"og:image:height\" content=\"1536\" \/>\n\t<meta property=\"og:image:type\" content=\"image\/jpeg\" \/>\n<meta name=\"author\" content=\"Ashley Armstrong\" \/>\n<meta name=\"twitter:card\" content=\"summary_large_image\" \/>\n<meta name=\"twitter:label1\" content=\"\u00c9crit par\" \/>\n\t<meta name=\"twitter:data1\" content=\"Ashley Armstrong\" \/>\n\t<meta name=\"twitter:label2\" content=\"Dur\u00e9e de lecture estim\u00e9e\" \/>\n\t<meta name=\"twitter:data2\" content=\"7 minutes\" \/>\n<script type=\"application\/ld+json\" class=\"yoast-schema-graph\">{\"@context\":\"https:\\\/\\\/schema.org\",\"@graph\":[{\"@type\":\"Article\",\"@id\":\"https:\\\/\\\/interpares.ca\\\/?p=119440#article\",\"isPartOf\":{\"@id\":\"https:\\\/\\\/interpares.ca\\\/?p=119440\"},\"author\":{\"name\":\"Ashley Armstrong\",\"@id\":\"https:\\\/\\\/interpares.ca\\\/#\\\/schema\\\/person\\\/dbde3dff7220f27c062fbb3150549b5f\"},\"headline\":\"Une approche f\u00e9ministe de l&rsquo;agro\u00e9cologie avec Mariam\u00e9 Ouattara\u00a0\",\"datePublished\":\"2026-09-01T10:05:00+00:00\",\"mainEntityOfPage\":{\"@id\":\"https:\\\/\\\/interpares.ca\\\/?p=119440\"},\"wordCount\":1390,\"commentCount\":0,\"image\":{\"@id\":\"https:\\\/\\\/interpares.ca\\\/?p=119440#primaryimage\"},\"thumbnailUrl\":\"https:\\\/\\\/interpares.ca\\\/wp-content\\\/uploads\\\/2026\\\/08\\\/mariame-ouattara-burkina-faso.jpg\",\"articleSection\":[\"Non cat\u00e9goris\u00e9\"],\"inLanguage\":\"fr-FR\",\"potentialAction\":[{\"@type\":\"CommentAction\",\"name\":\"Comment\",\"target\":[\"https:\\\/\\\/interpares.ca\\\/?p=119440#respond\"]}]},{\"@type\":\"WebPage\",\"@id\":\"https:\\\/\\\/interpares.ca\\\/?p=119440\",\"url\":\"https:\\\/\\\/interpares.ca\\\/?p=119440\",\"name\":\"Une approche f\u00e9ministe de l'agro\u00e9cologie avec Mariam\u00e9 Ouattara\u00a0 - Inter Pares\",\"isPartOf\":{\"@id\":\"https:\\\/\\\/interpares.ca\\\/#website\"},\"primaryImageOfPage\":{\"@id\":\"https:\\\/\\\/interpares.ca\\\/?p=119440#primaryimage\"},\"image\":{\"@id\":\"https:\\\/\\\/interpares.ca\\\/?p=119440#primaryimage\"},\"thumbnailUrl\":\"https:\\\/\\\/interpares.ca\\\/wp-content\\\/uploads\\\/2026\\\/08\\\/mariame-ouattara-burkina-faso.jpg\",\"datePublished\":\"2026-09-01T10:05:00+00:00\",\"author\":{\"@id\":\"https:\\\/\\\/interpares.ca\\\/#\\\/schema\\\/person\\\/dbde3dff7220f27c062fbb3150549b5f\"},\"description\":\"Mariam\u00e9 Ouattara a pass\u00e9 la majeure partie de sa vie \u00e0 \u0153uvrer en Afrique de l\u2019Ouest pour faire avancer l\u2019\u00e9galit\u00e9 de genre et les droits des agricultrices.\",\"breadcrumb\":{\"@id\":\"https:\\\/\\\/interpares.ca\\\/?p=119440#breadcrumb\"},\"inLanguage\":\"fr-FR\",\"potentialAction\":[{\"@type\":\"ReadAction\",\"target\":[\"https:\\\/\\\/interpares.ca\\\/?p=119440\"]}]},{\"@type\":\"ImageObject\",\"inLanguage\":\"fr-FR\",\"@id\":\"https:\\\/\\\/interpares.ca\\\/?p=119440#primaryimage\",\"url\":\"https:\\\/\\\/interpares.ca\\\/wp-content\\\/uploads\\\/2026\\\/08\\\/mariame-ouattara-burkina-faso.jpg\",\"contentUrl\":\"https:\\\/\\\/interpares.ca\\\/wp-content\\\/uploads\\\/2026\\\/08\\\/mariame-ouattara-burkina-faso.jpg\",\"width\":2048,\"height\":1536,\"caption\":\"Mariam\u00e9 Ouattara. Photo: Eric Chaurette\\\/Inter Pares\"},{\"@type\":\"BreadcrumbList\",\"@id\":\"https:\\\/\\\/interpares.ca\\\/?p=119440#breadcrumb\",\"itemListElement\":[{\"@type\":\"ListItem\",\"position\":1,\"name\":\"Home\",\"item\":\"https:\\\/\\\/interpares.ca\\\/fr\\\/\"},{\"@type\":\"ListItem\",\"position\":2,\"name\":\"Une approche f\u00e9ministe de l&#8217;agro\u00e9cologie avec Mariam\u00e9 Ouattara\u00a0\"}]},{\"@type\":\"WebSite\",\"@id\":\"https:\\\/\\\/interpares.ca\\\/#website\",\"url\":\"https:\\\/\\\/interpares.ca\\\/\",\"name\":\"Inter Pares\",\"description\":\"\",\"potentialAction\":[{\"@type\":\"SearchAction\",\"target\":{\"@type\":\"EntryPoint\",\"urlTemplate\":\"https:\\\/\\\/interpares.ca\\\/?s={search_term_string}\"},\"query-input\":{\"@type\":\"PropertyValueSpecification\",\"valueRequired\":true,\"valueName\":\"search_term_string\"}}],\"inLanguage\":\"fr-FR\"},{\"@type\":\"Person\",\"@id\":\"https:\\\/\\\/interpares.ca\\\/#\\\/schema\\\/person\\\/dbde3dff7220f27c062fbb3150549b5f\",\"name\":\"Ashley Armstrong\",\"image\":{\"@type\":\"ImageObject\",\"inLanguage\":\"fr-FR\",\"@id\":\"https:\\\/\\\/secure.gravatar.com\\\/avatar\\\/59630b5caa77dd2c41bdeff16d84a43f6edb16dbdefeddf53396e13c6f0804d6?s=96&d=mm&r=g\",\"url\":\"https:\\\/\\\/secure.gravatar.com\\\/avatar\\\/59630b5caa77dd2c41bdeff16d84a43f6edb16dbdefeddf53396e13c6f0804d6?s=96&d=mm&r=g\",\"contentUrl\":\"https:\\\/\\\/secure.gravatar.com\\\/avatar\\\/59630b5caa77dd2c41bdeff16d84a43f6edb16dbdefeddf53396e13c6f0804d6?s=96&d=mm&r=g\",\"caption\":\"Ashley Armstrong\"},\"url\":\"https:\\\/\\\/interpares.ca\\\/fr\\\/author\\\/ashley\\\/\"}]}<\/script>\n<!-- \/ Yoast SEO plugin. -->","yoast_head_json":{"title":"Une approche f\u00e9ministe de l'agro\u00e9cologie avec Mariam\u00e9 Ouattara\u00a0 - Inter Pares","description":"Mariam\u00e9 Ouattara a pass\u00e9 la majeure partie de sa vie \u00e0 \u0153uvrer en Afrique de l\u2019Ouest pour faire avancer l\u2019\u00e9galit\u00e9 de genre et les droits des agricultrices.","robots":{"index":"index","follow":"follow","max-snippet":"max-snippet:-1","max-image-preview":"max-image-preview:large","max-video-preview":"max-video-preview:-1"},"canonical":"https:\/\/interpares.ca\/?p=119440","og_locale":"fr_FR","og_type":"article","og_title":"Une approche f\u00e9ministe de l'agro\u00e9cologie avec Mariam\u00e9 Ouattara\u00a0 - Inter Pares","og_description":"Mariam\u00e9 Ouattara a pass\u00e9 la majeure partie de sa vie \u00e0 \u0153uvrer en Afrique de l\u2019Ouest pour faire avancer l\u2019\u00e9galit\u00e9 de genre et les droits des agricultrices.","og_url":"https:\/\/interpares.ca\/?p=119440","og_site_name":"Inter Pares","article_published_time":"2026-09-01T10:05:00+00:00","og_image":[{"width":2048,"height":1536,"url":"https:\/\/interpares.ca\/wp-content\/uploads\/2026\/08\/mariame-ouattara-burkina-faso.jpg","type":"image\/jpeg"}],"author":"Ashley Armstrong","twitter_card":"summary_large_image","twitter_misc":{"\u00c9crit par":"Ashley Armstrong","Dur\u00e9e de lecture estim\u00e9e":"7 minutes"},"schema":{"@context":"https:\/\/schema.org","@graph":[{"@type":"Article","@id":"https:\/\/interpares.ca\/?p=119440#article","isPartOf":{"@id":"https:\/\/interpares.ca\/?p=119440"},"author":{"name":"Ashley Armstrong","@id":"https:\/\/interpares.ca\/#\/schema\/person\/dbde3dff7220f27c062fbb3150549b5f"},"headline":"Une approche f\u00e9ministe de l&rsquo;agro\u00e9cologie avec Mariam\u00e9 Ouattara\u00a0","datePublished":"2026-09-01T10:05:00+00:00","mainEntityOfPage":{"@id":"https:\/\/interpares.ca\/?p=119440"},"wordCount":1390,"commentCount":0,"image":{"@id":"https:\/\/interpares.ca\/?p=119440#primaryimage"},"thumbnailUrl":"https:\/\/interpares.ca\/wp-content\/uploads\/2026\/08\/mariame-ouattara-burkina-faso.jpg","articleSection":["Non cat\u00e9goris\u00e9"],"inLanguage":"fr-FR","potentialAction":[{"@type":"CommentAction","name":"Comment","target":["https:\/\/interpares.ca\/?p=119440#respond"]}]},{"@type":"WebPage","@id":"https:\/\/interpares.ca\/?p=119440","url":"https:\/\/interpares.ca\/?p=119440","name":"Une approche f\u00e9ministe de l'agro\u00e9cologie avec Mariam\u00e9 Ouattara\u00a0 - Inter Pares","isPartOf":{"@id":"https:\/\/interpares.ca\/#website"},"primaryImageOfPage":{"@id":"https:\/\/interpares.ca\/?p=119440#primaryimage"},"image":{"@id":"https:\/\/interpares.ca\/?p=119440#primaryimage"},"thumbnailUrl":"https:\/\/interpares.ca\/wp-content\/uploads\/2026\/08\/mariame-ouattara-burkina-faso.jpg","datePublished":"2026-09-01T10:05:00+00:00","author":{"@id":"https:\/\/interpares.ca\/#\/schema\/person\/dbde3dff7220f27c062fbb3150549b5f"},"description":"Mariam\u00e9 Ouattara a pass\u00e9 la majeure partie de sa vie \u00e0 \u0153uvrer en Afrique de l\u2019Ouest pour faire avancer l\u2019\u00e9galit\u00e9 de genre et les droits des agricultrices.","breadcrumb":{"@id":"https:\/\/interpares.ca\/?p=119440#breadcrumb"},"inLanguage":"fr-FR","potentialAction":[{"@type":"ReadAction","target":["https:\/\/interpares.ca\/?p=119440"]}]},{"@type":"ImageObject","inLanguage":"fr-FR","@id":"https:\/\/interpares.ca\/?p=119440#primaryimage","url":"https:\/\/interpares.ca\/wp-content\/uploads\/2026\/08\/mariame-ouattara-burkina-faso.jpg","contentUrl":"https:\/\/interpares.ca\/wp-content\/uploads\/2026\/08\/mariame-ouattara-burkina-faso.jpg","width":2048,"height":1536,"caption":"Mariam\u00e9 Ouattara. Photo: Eric Chaurette\/Inter Pares"},{"@type":"BreadcrumbList","@id":"https:\/\/interpares.ca\/?p=119440#breadcrumb","itemListElement":[{"@type":"ListItem","position":1,"name":"Home","item":"https:\/\/interpares.ca\/fr\/"},{"@type":"ListItem","position":2,"name":"Une approche f\u00e9ministe de l&#8217;agro\u00e9cologie avec Mariam\u00e9 Ouattara\u00a0"}]},{"@type":"WebSite","@id":"https:\/\/interpares.ca\/#website","url":"https:\/\/interpares.ca\/","name":"Inter Pares","description":"","potentialAction":[{"@type":"SearchAction","target":{"@type":"EntryPoint","urlTemplate":"https:\/\/interpares.ca\/?s={search_term_string}"},"query-input":{"@type":"PropertyValueSpecification","valueRequired":true,"valueName":"search_term_string"}}],"inLanguage":"fr-FR"},{"@type":"Person","@id":"https:\/\/interpares.ca\/#\/schema\/person\/dbde3dff7220f27c062fbb3150549b5f","name":"Ashley Armstrong","image":{"@type":"ImageObject","inLanguage":"fr-FR","@id":"https:\/\/secure.gravatar.com\/avatar\/59630b5caa77dd2c41bdeff16d84a43f6edb16dbdefeddf53396e13c6f0804d6?s=96&d=mm&r=g","url":"https:\/\/secure.gravatar.com\/avatar\/59630b5caa77dd2c41bdeff16d84a43f6edb16dbdefeddf53396e13c6f0804d6?s=96&d=mm&r=g","contentUrl":"https:\/\/secure.gravatar.com\/avatar\/59630b5caa77dd2c41bdeff16d84a43f6edb16dbdefeddf53396e13c6f0804d6?s=96&d=mm&r=g","caption":"Ashley Armstrong"},"url":"https:\/\/interpares.ca\/fr\/author\/ashley\/"}]}},"_links":{"self":[{"href":"https:\/\/interpares.ca\/fr\/wp-json\/wp\/v2\/posts\/119609","targetHints":{"allow":["GET"]}}],"collection":[{"href":"https:\/\/interpares.ca\/fr\/wp-json\/wp\/v2\/posts"}],"about":[{"href":"https:\/\/interpares.ca\/fr\/wp-json\/wp\/v2\/types\/post"}],"author":[{"embeddable":true,"href":"https:\/\/interpares.ca\/fr\/wp-json\/wp\/v2\/users\/4"}],"replies":[{"embeddable":true,"href":"https:\/\/interpares.ca\/fr\/wp-json\/wp\/v2\/comments?post=119609"}],"version-history":[{"count":4,"href":"https:\/\/interpares.ca\/fr\/wp-json\/wp\/v2\/posts\/119609\/revisions"}],"predecessor-version":[{"id":119617,"href":"https:\/\/interpares.ca\/fr\/wp-json\/wp\/v2\/posts\/119609\/revisions\/119617"}],"wp:featuredmedia":[{"embeddable":true,"href":"https:\/\/interpares.ca\/fr\/wp-json\/wp\/v2\/media\/119859"}],"wp:attachment":[{"href":"https:\/\/interpares.ca\/fr\/wp-json\/wp\/v2\/media?parent=119609"}],"wp:term":[{"taxonomy":"category","embeddable":true,"href":"https:\/\/interpares.ca\/fr\/wp-json\/wp\/v2\/categories?post=119609"},{"taxonomy":"post_tag","embeddable":true,"href":"https:\/\/interpares.ca\/fr\/wp-json\/wp\/v2\/tags?post=119609"},{"taxonomy":"ptype","embeddable":true,"href":"https:\/\/interpares.ca\/fr\/wp-json\/wp\/v2\/ptype?post=119609"},{"taxonomy":"resource_type","embeddable":true,"href":"https:\/\/interpares.ca\/fr\/wp-json\/wp\/v2\/resource_type?post=119609"},{"taxonomy":"regions","embeddable":true,"href":"https:\/\/interpares.ca\/fr\/wp-json\/wp\/v2\/regions?post=119609"},{"taxonomy":"issues","embeddable":true,"href":"https:\/\/interpares.ca\/fr\/wp-json\/wp\/v2\/issues?post=119609"}],"curies":[{"name":"wp","href":"https:\/\/api.w.org\/{rel}","templated":true}]}}