{"id":120042,"date":"2026-09-02T14:44:41","date_gmt":"2026-09-02T18:44:41","guid":{"rendered":"https:\/\/interpares.ca\/?p=120042"},"modified":"2026-09-02T15:34:37","modified_gmt":"2026-09-02T19:34:37","slug":"solidarite-salariale-agir-pour-la-verite-et-la-reconciliation-au-canada","status":"publish","type":"post","link":"https:\/\/interpares.ca\/fr\/solidarite-salariale-agir-pour-la-verite-et-la-reconciliation-au-canada\/","title":{"rendered":"Solidarit\u00e9 salariale : agir pour la v\u00e9rit\u00e9 et la r\u00e9conciliation au Canada\u00a0"},"content":{"rendered":"\t\t<div data-elementor-type=\"wp-post\" data-elementor-id=\"120042\" class=\"elementor elementor-120042 elementor-119908\" data-elementor-post-type=\"post\">\n\t\t\t\t<div class=\"elementor-element elementor-element-e86b1e7 e-flex e-con-boxed e-con e-parent\" data-id=\"e86b1e7\" data-element_type=\"container\" data-e-type=\"container\">\n\t\t\t\t\t<div class=\"e-con-inner\">\n\t\t\t\t<div class=\"elementor-element elementor-element-64954bf elementor-widget elementor-widget-text-editor\" data-id=\"64954bf\" data-element_type=\"widget\" data-e-type=\"widget\" data-widget_type=\"text-editor.default\">\n\t\t\t\t<div class=\"elementor-widget-container\">\n\t\t\t\t\t\t\t\t\t<span style=\"color: #015093;\">\u00c0 l\u2019occasion du 30 septembre, Inter Pares invite les personnes salari\u00e9es qui en ont les moyens \u00e0 faire don d\u2019une journ\u00e9e de salaire \u00e0 des organisations autochtones qui soutiennent les d\u00e9fenseur\u00b7euses des terres au Canada.  <\/span>\t\t\t\t\t\t\t\t<\/div>\n\t\t\t\t<\/div>\n\t\t\t\t\t<\/div>\n\t\t\t\t<\/div>\n\t\t<div class=\"elementor-element elementor-element-a1957a7 e-flex e-con-boxed e-con e-parent\" data-id=\"a1957a7\" data-element_type=\"container\" data-e-type=\"container\">\n\t\t\t\t\t<div class=\"e-con-inner\">\n\t\t\t\t<div class=\"elementor-element elementor-element-8968ba6 elementor-widget elementor-widget-text-editor\" data-id=\"8968ba6\" data-element_type=\"widget\" data-e-type=\"widget\" data-widget_type=\"text-editor.default\">\n\t\t\t\t<div class=\"elementor-widget-container\">\n\t\t\t\t\t\t\t\t\t<p>La solidarit\u00e9 salariale, c\u2019est reconna\u00eetre que nos salaires et notre s\u00e9curit\u00e9 \u00e9conomique s\u2019inscrivent dans des syst\u00e8mes qui ne profitent pas \u00e0 tout le monde de la m\u00eame fa\u00e7on.<\/p><p>Faire don d\u2019une journ\u00e9e de salaire \u00e0 une organisation autochtone permet de mettre une partie de nos ressources au service d\u2019initiatives men\u00e9es par des personnes autochtones. C\u2019est aussi reconna\u00eetre les effets toujours bien pr\u00e9sents du colonialisme et les responsabilit\u00e9s qui viennent avec le fait de vivre et de travailler sur des terres autochtones. La solidarit\u00e9 salariale est une fa\u00e7on de d\u00e9passer la reconnaissance pour passer \u00e0 l\u2019action, partager les ressources et tisser des relations.<\/p>\t\t\t\t\t\t\t\t<\/div>\n\t\t\t\t<\/div>\n\t\t\t\t\t<\/div>\n\t\t\t\t<\/div>\n\t\t<div class=\"elementor-element elementor-element-d5f67b8 e-flex e-con-boxed e-con e-parent\" data-id=\"d5f67b8\" data-element_type=\"container\" data-e-type=\"container\">\n\t\t\t\t\t<div class=\"e-con-inner\">\n\t\t\t\t<div class=\"elementor-element elementor-element-de67683 elementor-widget elementor-widget-text-editor\" data-id=\"de67683\" data-element_type=\"widget\" data-e-type=\"widget\" data-widget_type=\"text-editor.default\">\n\t\t\t\t<div class=\"elementor-widget-container\">\n\t\t\t\t\t\t\t\t\t<hr class=\"the7-p-gap\" style=\"padding-bottom: 30px;\" \/><h2><span style=\"color: #015093;\">Donnez une journ\u00e9e de salaire et soutenez les d\u00e9fenseur-euses des terres autochtones<\/span><\/h2><p>Cette ann\u00e9e, nous invitons les personnes non autochtones vivant au Canada \u00e0 soutenir les mouvements populaires et les organisations autochtones qui d\u00e9fendent la conservation et la gouvernance de leurs territoires, terres et eaux traditionnels par les peuples autochtones eux-m\u00eames.<\/p><p><strong><a href=\"#nos-recommendations\">Consultez nos recommandations.<\/a><\/strong><\/p><p>Dans le contexte politique actuel, il est particuli\u00e8rement important de soutenir les d\u00e9fenseur-euses des terres autochtones au Canada.<\/p><p>Des gouvernements au Canada ont r\u00e9cemment fait adopter rapidement des lois visant \u00e0 acc\u00e9l\u00e9rer l\u2019exploitation des ressources naturelles, au d\u00e9triment du consentement des peuples autochtones et des processus d\u2019\u00e9valuation environnementale. Des gouvernements et des entreprises cherchent \u00e9galement \u00e0 freiner la mise en \u0153uvre de la D\u00e9claration des Nations Unies sur les droits des peuples autochtones en contestant devant les tribunaux le principe du <a href=\"https:\/\/www.ohchr.org\/fr\/indigenous-peoples\/consultation-and-free-prior-and-informed-consent-fpic\" target=\"_blank\" rel=\"noopener\">consentement pr\u00e9alable, donn\u00e9 librement et en connaissance de cause<\/a>.<\/p><p>Face \u00e0 ces menaces, les mouvements et les organisations autochtones jouent un r\u00f4le essentiel.<\/p>\t\t\t\t\t\t\t\t<\/div>\n\t\t\t\t<\/div>\n\t\t\t\t\t<\/div>\n\t\t\t\t<\/div>\n\t\t<div class=\"elementor-element elementor-element-9f95528 e-flex e-con-boxed e-con e-parent\" data-id=\"9f95528\" data-element_type=\"container\" data-e-type=\"container\">\n\t\t\t\t\t<div class=\"e-con-inner\">\n\t\t\t\t<div class=\"elementor-element elementor-element-7876323 elementor-widget elementor-widget-text-editor\" data-id=\"7876323\" data-element_type=\"widget\" data-e-type=\"widget\" data-widget_type=\"text-editor.default\">\n\t\t\t\t<div class=\"elementor-widget-container\">\n\t\t\t\t\t\t\t\t\t<hr class=\"the7-p-gap\" style=\"padding-bottom: 30px;\" \/><h2><span style=\"color: #015093;\">Prenez l\u2019engagement : soutenez les d\u00e9fenseur-euses des terres<\/span><\/h2><p>Vous engagez-vous \u00e0 faire don d\u2019une journ\u00e9e de salaire \u00e0 l\u2019occasion de la Journ\u00e9e nationale de la v\u00e9rit\u00e9 et de la r\u00e9conciliation? Nous vous enverrons un rappel par courriel le 30 septembre.<\/p>\t\t\t\t\t\t\t\t<\/div>\n\t\t\t\t<\/div>\n\t\t\t\t<div class=\"elementor-element elementor-element-04bacdc elementor-widget elementor-widget-html\" data-id=\"04bacdc\" data-element_type=\"widget\" data-e-type=\"widget\" data-widget_type=\"html.default\">\n\t\t\t\t<div class=\"elementor-widget-container\">\n\t\t\t\t\t<div data-tf-live=\"01M1HSGSGG3FKZ2AQMBWK9RSN0\"><\/div><script src=\"\/\/embed.typeform.com\/next\/embed.js\"><\/script>\t\t\t\t<\/div>\n\t\t\t\t<\/div>\n\t\t\t\t<div class=\"elementor-element elementor-element-4fb8f87 elementor-widget elementor-widget-text-editor\" data-id=\"4fb8f87\" data-element_type=\"widget\" data-e-type=\"widget\" data-widget_type=\"text-editor.default\">\n\t\t\t\t<div class=\"elementor-widget-container\">\n\t\t\t\t\t\t\t\t\t<p>D\u00e9couvrez ci-dessous les organisations que nous vous proposons de soutenir.<\/p><p><em>Si vous choisissez de faire un don \u00e0 une initiative autochtone qui ne figure pas dans notre liste, dites-le-nous! \u00c9crivez-nous \u00e0 info@interpares.ca pour nous faire conna\u00eetre l\u2019initiative que vous avez choisi de soutenir.<\/em><\/p>\t\t\t\t\t\t\t\t<\/div>\n\t\t\t\t<\/div>\n\t\t\t\t\t<\/div>\n\t\t\t\t<\/div>\n\t\t<div class=\"elementor-element elementor-element-079d709 e-flex e-con-boxed e-con e-parent\" data-id=\"079d709\" data-element_type=\"container\" data-e-type=\"container\">\n\t\t\t\t\t<div class=\"e-con-inner\">\n\t\t\t\t<div class=\"elementor-element elementor-element-2c5ef8c elementor-widget elementor-widget-menu-anchor\" data-id=\"2c5ef8c\" data-element_type=\"widget\" data-e-type=\"widget\" data-widget_type=\"menu-anchor.default\">\n\t\t\t\t<div class=\"elementor-widget-container\">\n\t\t\t\t\t\t\t<div class=\"elementor-menu-anchor\" id=\"nos-recommendations\"><\/div>\n\t\t\t\t\t\t<\/div>\n\t\t\t\t<\/div>\n\t\t\t\t<div class=\"elementor-element elementor-element-c62b744 elementor-widget elementor-widget-text-editor\" data-id=\"c62b744\" data-element_type=\"widget\" data-e-type=\"widget\" data-widget_type=\"text-editor.default\">\n\t\t\t\t<div class=\"elementor-widget-container\">\n\t\t\t\t\t\t\t\t\t<h2><span style=\"color: #015093;\">Nos recommendations <\/span><\/h2><h3>RAVEN<\/h3><p><a style=\"background-color: rgba(255, 255, 255, 0); word-spacing: normal;\" href=\"https:\/\/raventrust.com\/\" target=\"_blank\" rel=\"noopener\">RAVEN<\/a>\u00a0recueille des fonds pour aider les peuples autochtones \u00e0 d\u00e9fendre leurs droits et leurs titres devant les tribunaux et \u00e0 prot\u00e9ger leurs terres, leur souverainet\u00e9 et leurs modes de vie. Par son travail juridique, l\u2019organisation cherche \u00e0 cr\u00e9er des pr\u00e9c\u00e9dents qui redonnent aux Premiers Peuples la responsabilit\u00e9 de leurs territoires et contribuent \u00e0 prot\u00e9ger l\u2019environnement pour les g\u00e9n\u00e9rations \u00e0 venir.<\/p><p><a href=\"https:\/\/raventrust.com\/donate\/\" target=\"_blank\" rel=\"noopener\"><strong>Faire un don<\/strong> <\/a><\/p><hr class=\"the7-p-gap\" style=\"padding-bottom: 30px;\" \/><h3>Tinakiwin<\/h3><p><a style=\"background-color: rgba(255, 255, 255, 0); word-spacing: normal;\" href=\"https:\/\/tinakiwin.wordpress.com\" target=\"_blank\" rel=\"noopener\">Tinakiwin<\/a>\u00a0est une association \u00e0 but non lucratif dirig\u00e9e par des personnes Anishnabe qui \u0153uvrent dans les domaines de la recherche, de l\u2019\u00e9ducation et de la sensibilisation (en promouvant l\u2019apprentissage ancr\u00e9 dans la terre), ainsi que de l\u2019emploi durable (en soutenant des moyens de subsistance significatifs et li\u00e9s \u00e0 la terre). Son action comprend notamment \u00ab The Territorial Guardians \u00bb, un programme intensif d\u2019\u00e9ducation ancr\u00e9e dans la terre d\u2019une dur\u00e9e de 14 jours destin\u00e9 aux Algonquins-Anishnabe afin de renforcer la souverainet\u00e9 territoriale. Tinakiwin est issue de l\u2019Anishnabe Moose Committee, cr\u00e9\u00e9 en 2021 en r\u00e9ponse au d\u00e9clin alarmant des populations d\u2019\u00e9lans dans la r\u00e9serve faunique de La V\u00e9rendrye (Qu\u00e9bec).<\/p><p><strong>Faites un don par virement \u00e9lectronique \u00e0 : tinakiwin.general@gmail.com<\/strong><\/p><hr class=\"the7-p-gap\" style=\"padding-bottom: 30px;\" \/><h3>Indigenous Climate Action<\/h3><p><a style=\"background-color: rgba(255, 255, 255, 0); word-spacing: normal;\" href=\"https:\/\/www.indigenousclimateaction.com\" target=\"_blank\" rel=\"noopener\">Indigenous Climate Action<\/a>\u00a0est une organisation dirig\u00e9e par des Autochtones et guid\u00e9e par des gardien-nes du savoir, des protecteur-trices de l\u2019eau et des d\u00e9fenseur-euses des terres issu-e-s de diff\u00e9rentes communaut\u00e9s et r\u00e9gions du Canada. Pour l\u2019organisation, les droits et les syst\u00e8mes de savoirs autochtones sont essentiels pour trouver des solutions \u00e0 la crise climatique et faire avancer la justice climatique.<\/p><p><a href=\"https:\/\/www.indigenousclimateaction.com\/donate\" target=\"_blank\" rel=\"noopener\"><b>Faire un don<\/b><\/a><\/p><hr class=\"the7-p-gap\" style=\"padding-bottom: 30px;\" \/><h3>8th Fire Rising<\/h3><p><a style=\"background-color: rgba(255, 255, 255, 0); word-spacing: normal;\" href=\"https:\/\/www.8thfirerising.ca\" target=\"_blank\" rel=\"noopener\">8th Fire Rising<\/a>\u00a0est une coalition r\u00e9cemment form\u00e9e, dirig\u00e9e par des personnes autochtones, qui rassemble des communaut\u00e9s concern\u00e9es et touch\u00e9es par ces probl\u00e8mes et qui \u0153uvre \u00e0 la construction d\u2019un mouvement de grande envergure aux c\u00f4t\u00e9s des syndicats et des d\u00e9fenseurs-euses des terres. Son objectif est de lutter contre les r\u00e9centes atteintes l\u00e9gislatives \u00e0 la juridiction autochtone, les violations des droits des travailleurs et des travailleuses et le pillage des terres et des eaux par les entreprises sur l\u2019ensemble de ces territoires.<\/p><p>8th Fire Rising est une r\u00e9ponse \u00e0 la dangereuse centralisation du pouvoir qui se produit actuellement au Canada, o\u00f9 les gouvernements profitent de la vague de nationalisme actuelle pour piller les caisses de l\u2019\u00c9tat, octroyer des subventions aux entreprises et s\u2019emparer des terres autochtones.<\/p><p><strong><a href=\"https:\/\/www.8thfirerising.ca\" target=\"_blank\" rel=\"noopener\">Faire un don<\/a><\/strong><\/p><hr class=\"the7-p-gap\" style=\"padding-bottom: 30px;\" \/><h2><span style=\"color: #015093;\">C&rsquo;est quoi, la Journ\u00e9e nationale de la v\u00e9rit\u00e9 et de la r\u00e9conciliation ?<\/span><\/h2><p>Le 30 septembre marque la Journ\u00e9e nationale de la v\u00e9rit\u00e9 et de la r\u00e9conciliation au Canada. C\u2019est une journ\u00e9e pour rendre hommage aux enfants qui ne sont jamais revenus des pensionnats, ainsi qu\u2019aux personnes survivantes. C\u2019est aussi l\u2019occasion de reconna\u00eetre l\u2019histoire du pays aujourd\u2019hui appel\u00e9 Canada et d\u2019en tirer des le\u00e7ons pour construire un pr\u00e9sent plus juste.<\/p>\t\t\t\t\t\t\t\t<\/div>\n\t\t\t\t<\/div>\n\t\t\t\t\t<\/div>\n\t\t\t\t<\/div>\n\t\t\t\t<\/div>\n\t\t","protected":false},"excerpt":{"rendered":"<p>Faites don d\u2019une journ\u00e9e de salaire pour soutenir les d\u00e9fenseur-euses des terres autochtones <\/p>\n","protected":false},"author":5,"featured_media":120043,"comment_status":"open","ping_status":"open","sticky":false,"template":"","format":"standard","meta":{"_acf_changed":false,"footnotes":""},"categories":[1006],"tags":[],"ptype":[1069],"resource_type":[],"regions":[465],"issues":[1101,1099],"class_list":["post-120042","post","type-post","status-publish","format-standard","has-post-thumbnail","hentry","category-non-categorise","ptype-nouvelles","regions-canada-fr","issues-justice-economique","issues-paix-et-democratie"],"acf":[],"yoast_head":"<!-- This site is optimized with the Yoast SEO plugin v28.1 - https:\/\/yoast.com\/product\/yoast-seo-wordpress\/ -->\n<title>Solidarit\u00e9 salariale : agir pour la v\u00e9rit\u00e9 et la r\u00e9conciliation au Canada\u00a0 - Inter Pares<\/title>\n<meta name=\"robots\" content=\"index, follow, max-snippet:-1, max-image-preview:large, max-video-preview:-1\" \/>\n<link rel=\"canonical\" href=\"https:\/\/interpares.ca\/fr\/solidarite-salariale-agir-pour-la-verite-et-la-reconciliation-au-canada\/\" \/>\n<meta property=\"og:locale\" content=\"fr_FR\" \/>\n<meta property=\"og:type\" content=\"article\" \/>\n<meta property=\"og:title\" content=\"Solidarit\u00e9 salariale : agir pour la v\u00e9rit\u00e9 et la r\u00e9conciliation au Canada\u00a0 - Inter Pares\" \/>\n<meta property=\"og:description\" content=\"Faites don d\u2019une journ\u00e9e de salaire pour soutenir les d\u00e9fenseur-euses des terres autochtones\" \/>\n<meta property=\"og:url\" content=\"https:\/\/interpares.ca\/fr\/solidarite-salariale-agir-pour-la-verite-et-la-reconciliation-au-canada\/\" \/>\n<meta property=\"og:site_name\" content=\"Inter Pares\" \/>\n<meta property=\"article:published_time\" content=\"2026-09-02T18:44:41+00:00\" \/>\n<meta property=\"article:modified_time\" content=\"2026-09-02T19:34:37+00:00\" \/>\n<meta property=\"og:image\" content=\"https:\/\/interpares.ca\/wp-content\/uploads\/2026\/09\/journee-nationale-de-la-verite-et-de-la-reconciliation-solidarite-salariale.jpg\" \/>\n\t<meta property=\"og:image:width\" content=\"2048\" \/>\n\t<meta property=\"og:image:height\" content=\"1536\" \/>\n\t<meta property=\"og:image:type\" content=\"image\/jpeg\" \/>\n<meta name=\"author\" content=\"Kath Clark\" \/>\n<meta name=\"twitter:card\" content=\"summary_large_image\" \/>\n<meta name=\"twitter:label1\" content=\"\u00c9crit par\" \/>\n\t<meta name=\"twitter:data1\" content=\"Kath Clark\" \/>\n\t<meta name=\"twitter:label2\" content=\"Dur\u00e9e de lecture estim\u00e9e\" \/>\n\t<meta name=\"twitter:data2\" content=\"5 minutes\" \/>\n<script type=\"application\/ld+json\" class=\"yoast-schema-graph\">{\"@context\":\"https:\\\/\\\/schema.org\",\"@graph\":[{\"@type\":\"Article\",\"@id\":\"https:\\\/\\\/interpares.ca\\\/fr\\\/solidarite-salariale-agir-pour-la-verite-et-la-reconciliation-au-canada\\\/#article\",\"isPartOf\":{\"@id\":\"https:\\\/\\\/interpares.ca\\\/fr\\\/solidarite-salariale-agir-pour-la-verite-et-la-reconciliation-au-canada\\\/\"},\"author\":{\"name\":\"Kath Clark\",\"@id\":\"https:\\\/\\\/interpares.ca\\\/#\\\/schema\\\/person\\\/2ed51e09c16b661dd156d42b3fc05d63\"},\"headline\":\"Solidarit\u00e9 salariale : agir pour la v\u00e9rit\u00e9 et la r\u00e9conciliation au Canada\u00a0\",\"datePublished\":\"2026-09-02T18:44:41+00:00\",\"dateModified\":\"2026-09-02T19:34:37+00:00\",\"mainEntityOfPage\":{\"@id\":\"https:\\\/\\\/interpares.ca\\\/fr\\\/solidarite-salariale-agir-pour-la-verite-et-la-reconciliation-au-canada\\\/\"},\"wordCount\":934,\"commentCount\":0,\"image\":{\"@id\":\"https:\\\/\\\/interpares.ca\\\/fr\\\/solidarite-salariale-agir-pour-la-verite-et-la-reconciliation-au-canada\\\/#primaryimage\"},\"thumbnailUrl\":\"https:\\\/\\\/interpares.ca\\\/wp-content\\\/uploads\\\/2026\\\/09\\\/journee-nationale-de-la-verite-et-de-la-reconciliation-solidarite-salariale.jpg\",\"articleSection\":[\"Non cat\u00e9goris\u00e9\"],\"inLanguage\":\"fr-FR\",\"potentialAction\":[{\"@type\":\"CommentAction\",\"name\":\"Comment\",\"target\":[\"https:\\\/\\\/interpares.ca\\\/fr\\\/solidarite-salariale-agir-pour-la-verite-et-la-reconciliation-au-canada\\\/#respond\"]}]},{\"@type\":\"WebPage\",\"@id\":\"https:\\\/\\\/interpares.ca\\\/fr\\\/solidarite-salariale-agir-pour-la-verite-et-la-reconciliation-au-canada\\\/\",\"url\":\"https:\\\/\\\/interpares.ca\\\/fr\\\/solidarite-salariale-agir-pour-la-verite-et-la-reconciliation-au-canada\\\/\",\"name\":\"Solidarit\u00e9 salariale : agir pour la v\u00e9rit\u00e9 et la r\u00e9conciliation au Canada\u00a0 - Inter Pares\",\"isPartOf\":{\"@id\":\"https:\\\/\\\/interpares.ca\\\/#website\"},\"primaryImageOfPage\":{\"@id\":\"https:\\\/\\\/interpares.ca\\\/fr\\\/solidarite-salariale-agir-pour-la-verite-et-la-reconciliation-au-canada\\\/#primaryimage\"},\"image\":{\"@id\":\"https:\\\/\\\/interpares.ca\\\/fr\\\/solidarite-salariale-agir-pour-la-verite-et-la-reconciliation-au-canada\\\/#primaryimage\"},\"thumbnailUrl\":\"https:\\\/\\\/interpares.ca\\\/wp-content\\\/uploads\\\/2026\\\/09\\\/journee-nationale-de-la-verite-et-de-la-reconciliation-solidarite-salariale.jpg\",\"datePublished\":\"2026-09-02T18:44:41+00:00\",\"dateModified\":\"2026-09-02T19:34:37+00:00\",\"author\":{\"@id\":\"https:\\\/\\\/interpares.ca\\\/#\\\/schema\\\/person\\\/2ed51e09c16b661dd156d42b3fc05d63\"},\"breadcrumb\":{\"@id\":\"https:\\\/\\\/interpares.ca\\\/fr\\\/solidarite-salariale-agir-pour-la-verite-et-la-reconciliation-au-canada\\\/#breadcrumb\"},\"inLanguage\":\"fr-FR\",\"potentialAction\":[{\"@type\":\"ReadAction\",\"target\":[\"https:\\\/\\\/interpares.ca\\\/fr\\\/solidarite-salariale-agir-pour-la-verite-et-la-reconciliation-au-canada\\\/\"]}]},{\"@type\":\"ImageObject\",\"inLanguage\":\"fr-FR\",\"@id\":\"https:\\\/\\\/interpares.ca\\\/fr\\\/solidarite-salariale-agir-pour-la-verite-et-la-reconciliation-au-canada\\\/#primaryimage\",\"url\":\"https:\\\/\\\/interpares.ca\\\/wp-content\\\/uploads\\\/2026\\\/09\\\/journee-nationale-de-la-verite-et-de-la-reconciliation-solidarite-salariale.jpg\",\"contentUrl\":\"https:\\\/\\\/interpares.ca\\\/wp-content\\\/uploads\\\/2026\\\/09\\\/journee-nationale-de-la-verite-et-de-la-reconciliation-solidarite-salariale.jpg\",\"width\":2048,\"height\":1536,\"caption\":\"Solidarit\u00e9 salariale\"},{\"@type\":\"BreadcrumbList\",\"@id\":\"https:\\\/\\\/interpares.ca\\\/fr\\\/solidarite-salariale-agir-pour-la-verite-et-la-reconciliation-au-canada\\\/#breadcrumb\",\"itemListElement\":[{\"@type\":\"ListItem\",\"position\":1,\"name\":\"Home\",\"item\":\"https:\\\/\\\/interpares.ca\\\/fr\\\/\"},{\"@type\":\"ListItem\",\"position\":2,\"name\":\"Solidarit\u00e9 salariale : agir pour la v\u00e9rit\u00e9 et la r\u00e9conciliation au Canada\u00a0\"}]},{\"@type\":\"WebSite\",\"@id\":\"https:\\\/\\\/interpares.ca\\\/#website\",\"url\":\"https:\\\/\\\/interpares.ca\\\/\",\"name\":\"Inter Pares\",\"description\":\"\",\"potentialAction\":[{\"@type\":\"SearchAction\",\"target\":{\"@type\":\"EntryPoint\",\"urlTemplate\":\"https:\\\/\\\/interpares.ca\\\/?s={search_term_string}\"},\"query-input\":{\"@type\":\"PropertyValueSpecification\",\"valueRequired\":true,\"valueName\":\"search_term_string\"}}],\"inLanguage\":\"fr-FR\"},{\"@type\":\"Person\",\"@id\":\"https:\\\/\\\/interpares.ca\\\/#\\\/schema\\\/person\\\/2ed51e09c16b661dd156d42b3fc05d63\",\"name\":\"Kath Clark\",\"image\":{\"@type\":\"ImageObject\",\"inLanguage\":\"fr-FR\",\"@id\":\"https:\\\/\\\/secure.gravatar.com\\\/avatar\\\/5b888ac5ca8834ac086ea98051348c78735ae2b7fe6ba0ac60ac236df8e17494?s=96&d=mm&r=g\",\"url\":\"https:\\\/\\\/secure.gravatar.com\\\/avatar\\\/5b888ac5ca8834ac086ea98051348c78735ae2b7fe6ba0ac60ac236df8e17494?s=96&d=mm&r=g\",\"contentUrl\":\"https:\\\/\\\/secure.gravatar.com\\\/avatar\\\/5b888ac5ca8834ac086ea98051348c78735ae2b7fe6ba0ac60ac236df8e17494?s=96&d=mm&r=g\",\"caption\":\"Kath Clark\"},\"url\":\"https:\\\/\\\/interpares.ca\\\/fr\\\/author\\\/kath\\\/\"}]}<\/script>\n<!-- \/ Yoast SEO plugin. -->","yoast_head_json":{"title":"Solidarit\u00e9 salariale : agir pour la v\u00e9rit\u00e9 et la r\u00e9conciliation au Canada\u00a0 - Inter Pares","robots":{"index":"index","follow":"follow","max-snippet":"max-snippet:-1","max-image-preview":"max-image-preview:large","max-video-preview":"max-video-preview:-1"},"canonical":"https:\/\/interpares.ca\/fr\/solidarite-salariale-agir-pour-la-verite-et-la-reconciliation-au-canada\/","og_locale":"fr_FR","og_type":"article","og_title":"Solidarit\u00e9 salariale : agir pour la v\u00e9rit\u00e9 et la r\u00e9conciliation au Canada\u00a0 - Inter Pares","og_description":"Faites don d\u2019une journ\u00e9e de salaire pour soutenir les d\u00e9fenseur-euses des terres autochtones","og_url":"https:\/\/interpares.ca\/fr\/solidarite-salariale-agir-pour-la-verite-et-la-reconciliation-au-canada\/","og_site_name":"Inter Pares","article_published_time":"2026-09-02T18:44:41+00:00","article_modified_time":"2026-09-02T19:34:37+00:00","og_image":[{"width":2048,"height":1536,"url":"https:\/\/interpares.ca\/wp-content\/uploads\/2026\/09\/journee-nationale-de-la-verite-et-de-la-reconciliation-solidarite-salariale.jpg","type":"image\/jpeg"}],"author":"Kath Clark","twitter_card":"summary_large_image","twitter_misc":{"\u00c9crit par":"Kath Clark","Dur\u00e9e de lecture estim\u00e9e":"5 minutes"},"schema":{"@context":"https:\/\/schema.org","@graph":[{"@type":"Article","@id":"https:\/\/interpares.ca\/fr\/solidarite-salariale-agir-pour-la-verite-et-la-reconciliation-au-canada\/#article","isPartOf":{"@id":"https:\/\/interpares.ca\/fr\/solidarite-salariale-agir-pour-la-verite-et-la-reconciliation-au-canada\/"},"author":{"name":"Kath Clark","@id":"https:\/\/interpares.ca\/#\/schema\/person\/2ed51e09c16b661dd156d42b3fc05d63"},"headline":"Solidarit\u00e9 salariale : agir pour la v\u00e9rit\u00e9 et la r\u00e9conciliation au Canada\u00a0","datePublished":"2026-09-02T18:44:41+00:00","dateModified":"2026-09-02T19:34:37+00:00","mainEntityOfPage":{"@id":"https:\/\/interpares.ca\/fr\/solidarite-salariale-agir-pour-la-verite-et-la-reconciliation-au-canada\/"},"wordCount":934,"commentCount":0,"image":{"@id":"https:\/\/interpares.ca\/fr\/solidarite-salariale-agir-pour-la-verite-et-la-reconciliation-au-canada\/#primaryimage"},"thumbnailUrl":"https:\/\/interpares.ca\/wp-content\/uploads\/2026\/09\/journee-nationale-de-la-verite-et-de-la-reconciliation-solidarite-salariale.jpg","articleSection":["Non cat\u00e9goris\u00e9"],"inLanguage":"fr-FR","potentialAction":[{"@type":"CommentAction","name":"Comment","target":["https:\/\/interpares.ca\/fr\/solidarite-salariale-agir-pour-la-verite-et-la-reconciliation-au-canada\/#respond"]}]},{"@type":"WebPage","@id":"https:\/\/interpares.ca\/fr\/solidarite-salariale-agir-pour-la-verite-et-la-reconciliation-au-canada\/","url":"https:\/\/interpares.ca\/fr\/solidarite-salariale-agir-pour-la-verite-et-la-reconciliation-au-canada\/","name":"Solidarit\u00e9 salariale : agir pour la v\u00e9rit\u00e9 et la r\u00e9conciliation au Canada\u00a0 - Inter Pares","isPartOf":{"@id":"https:\/\/interpares.ca\/#website"},"primaryImageOfPage":{"@id":"https:\/\/interpares.ca\/fr\/solidarite-salariale-agir-pour-la-verite-et-la-reconciliation-au-canada\/#primaryimage"},"image":{"@id":"https:\/\/interpares.ca\/fr\/solidarite-salariale-agir-pour-la-verite-et-la-reconciliation-au-canada\/#primaryimage"},"thumbnailUrl":"https:\/\/interpares.ca\/wp-content\/uploads\/2026\/09\/journee-nationale-de-la-verite-et-de-la-reconciliation-solidarite-salariale.jpg","datePublished":"2026-09-02T18:44:41+00:00","dateModified":"2026-09-02T19:34:37+00:00","author":{"@id":"https:\/\/interpares.ca\/#\/schema\/person\/2ed51e09c16b661dd156d42b3fc05d63"},"breadcrumb":{"@id":"https:\/\/interpares.ca\/fr\/solidarite-salariale-agir-pour-la-verite-et-la-reconciliation-au-canada\/#breadcrumb"},"inLanguage":"fr-FR","potentialAction":[{"@type":"ReadAction","target":["https:\/\/interpares.ca\/fr\/solidarite-salariale-agir-pour-la-verite-et-la-reconciliation-au-canada\/"]}]},{"@type":"ImageObject","inLanguage":"fr-FR","@id":"https:\/\/interpares.ca\/fr\/solidarite-salariale-agir-pour-la-verite-et-la-reconciliation-au-canada\/#primaryimage","url":"https:\/\/interpares.ca\/wp-content\/uploads\/2026\/09\/journee-nationale-de-la-verite-et-de-la-reconciliation-solidarite-salariale.jpg","contentUrl":"https:\/\/interpares.ca\/wp-content\/uploads\/2026\/09\/journee-nationale-de-la-verite-et-de-la-reconciliation-solidarite-salariale.jpg","width":2048,"height":1536,"caption":"Solidarit\u00e9 salariale"},{"@type":"BreadcrumbList","@id":"https:\/\/interpares.ca\/fr\/solidarite-salariale-agir-pour-la-verite-et-la-reconciliation-au-canada\/#breadcrumb","itemListElement":[{"@type":"ListItem","position":1,"name":"Home","item":"https:\/\/interpares.ca\/fr\/"},{"@type":"ListItem","position":2,"name":"Solidarit\u00e9 salariale : agir pour la v\u00e9rit\u00e9 et la r\u00e9conciliation au Canada\u00a0"}]},{"@type":"WebSite","@id":"https:\/\/interpares.ca\/#website","url":"https:\/\/interpares.ca\/","name":"Inter Pares","description":"","potentialAction":[{"@type":"SearchAction","target":{"@type":"EntryPoint","urlTemplate":"https:\/\/interpares.ca\/?s={search_term_string}"},"query-input":{"@type":"PropertyValueSpecification","valueRequired":true,"valueName":"search_term_string"}}],"inLanguage":"fr-FR"},{"@type":"Person","@id":"https:\/\/interpares.ca\/#\/schema\/person\/2ed51e09c16b661dd156d42b3fc05d63","name":"Kath Clark","image":{"@type":"ImageObject","inLanguage":"fr-FR","@id":"https:\/\/secure.gravatar.com\/avatar\/5b888ac5ca8834ac086ea98051348c78735ae2b7fe6ba0ac60ac236df8e17494?s=96&d=mm&r=g","url":"https:\/\/secure.gravatar.com\/avatar\/5b888ac5ca8834ac086ea98051348c78735ae2b7fe6ba0ac60ac236df8e17494?s=96&d=mm&r=g","contentUrl":"https:\/\/secure.gravatar.com\/avatar\/5b888ac5ca8834ac086ea98051348c78735ae2b7fe6ba0ac60ac236df8e17494?s=96&d=mm&r=g","caption":"Kath Clark"},"url":"https:\/\/interpares.ca\/fr\/author\/kath\/"}]}},"_links":{"self":[{"href":"https:\/\/interpares.ca\/fr\/wp-json\/wp\/v2\/posts\/120042","targetHints":{"allow":["GET"]}}],"collection":[{"href":"https:\/\/interpares.ca\/fr\/wp-json\/wp\/v2\/posts"}],"about":[{"href":"https:\/\/interpares.ca\/fr\/wp-json\/wp\/v2\/types\/post"}],"author":[{"embeddable":true,"href":"https:\/\/interpares.ca\/fr\/wp-json\/wp\/v2\/users\/5"}],"replies":[{"embeddable":true,"href":"https:\/\/interpares.ca\/fr\/wp-json\/wp\/v2\/comments?post=120042"}],"version-history":[{"count":10,"href":"https:\/\/interpares.ca\/fr\/wp-json\/wp\/v2\/posts\/120042\/revisions"}],"predecessor-version":[{"id":120096,"href":"https:\/\/interpares.ca\/fr\/wp-json\/wp\/v2\/posts\/120042\/revisions\/120096"}],"wp:featuredmedia":[{"embeddable":true,"href":"https:\/\/interpares.ca\/fr\/wp-json\/wp\/v2\/media\/120043"}],"wp:attachment":[{"href":"https:\/\/interpares.ca\/fr\/wp-json\/wp\/v2\/media?parent=120042"}],"wp:term":[{"taxonomy":"category","embeddable":true,"href":"https:\/\/interpares.ca\/fr\/wp-json\/wp\/v2\/categories?post=120042"},{"taxonomy":"post_tag","embeddable":true,"href":"https:\/\/interpares.ca\/fr\/wp-json\/wp\/v2\/tags?post=120042"},{"taxonomy":"ptype","embeddable":true,"href":"https:\/\/interpares.ca\/fr\/wp-json\/wp\/v2\/ptype?post=120042"},{"taxonomy":"resource_type","embeddable":true,"href":"https:\/\/interpares.ca\/fr\/wp-json\/wp\/v2\/resource_type?post=120042"},{"taxonomy":"regions","embeddable":true,"href":"https:\/\/interpares.ca\/fr\/wp-json\/wp\/v2\/regions?post=120042"},{"taxonomy":"issues","embeddable":true,"href":"https:\/\/interpares.ca\/fr\/wp-json\/wp\/v2\/issues?post=120042"}],"curies":[{"name":"wp","href":"https:\/\/api.w.org\/{rel}","templated":true}]}}