{"id":13984,"date":"2020-03-06T15:16:18","date_gmt":"2020-03-06T20:16:18","guid":{"rendered":"https:\/\/interpares.wperso.com\/news\/les-femmes-du-soudan-etincelles-de-la-revolution-creatrices-du-changement\/"},"modified":"2026-08-12T10:35:21","modified_gmt":"2026-08-12T14:35:21","slug":"les-femmes-du-soudan-etincelles-de-la-revolution-creatrices-du-changement","status":"publish","type":"post","link":"https:\/\/interpares.ca\/fr\/les-femmes-du-soudan-etincelles-de-la-revolution-creatrices-du-changement\/","title":{"rendered":"Les femmes du Soudan : \u00c9tincelles de la r\u00e9volution, cr\u00e9atrices du changement"},"content":{"rendered":"\t\t<div data-elementor-type=\"wp-post\" data-elementor-id=\"13984\" class=\"elementor elementor-13984 elementor-13982\" data-elementor-post-type=\"post\">\n\t\t\t\t<div class=\"elementor-element elementor-element-1d665fa e-flex e-con-boxed e-con e-parent\" data-id=\"1d665fa\" data-element_type=\"container\" data-e-type=\"container\">\n\t\t\t\t\t<div class=\"e-con-inner\">\n\t\t\t\t<div class=\"elementor-element elementor-element-6198072 elementor-widget elementor-widget-text-editor\" data-id=\"6198072\" data-element_type=\"widget\" data-e-type=\"widget\" data-widget_type=\"text-editor.default\">\n\t\t\t\t<div class=\"elementor-widget-container\">\n\t\t\t\t\t\t\t\t\t<p>\u00c0 la fin 2018 et au d\u00e9but 2019, apr\u00e8s trois d\u00e9cennies sous la botte d\u2019un r\u00e9gime autocratique, des millions de personnes se sont lev\u00e9es pour exiger la fin de l\u2019oppression au Soudan. Bravant le harc\u00e8lement, les arrestations et m\u00eame la mort, les femmes ont jou\u00e9 un r\u00f4le central dans cette r\u00e9volution non violente. Les femmes se sont d\u00e9marqu\u00e9es comme manifestantes, leaders et mobilisatrices. Elles ont catalys\u00e9 un changement politique visionnaire, au p\u00e9ril de leur vie et de leur s\u00e9curit\u00e9. L\u2019absence de droits des femmes \u00e9tait une motivation importante de la r\u00e9volution. On voyait l&rsquo;\u00e9galit\u00e9 comme essentielle \u00e0 la lutte contre un ordre social et politique r\u00e9pressif et contre la violence sexuelle et sexiste omnipr\u00e9sente.<\/p><p>\u00c0 la fin 2019, Inter Pares est all\u00e9e au Soudan et a vu un pays transform\u00e9, qui aspire avec ardeur \u00e0 une transition pacifique vers la d\u00e9mocratie. Nous avons rencontr\u00e9 des femmes courageuses (et aussi des hommes) qui ont pris part \u00e0 la r\u00e9volution, pour en savoir plus sur leurs luttes, entendre le r\u00e9cit \u00e9mouvant de leur soul\u00e8vement et d\u00e9couvrir leurs ambitions pour l\u2019avenir.<\/p><p>Nous vous pr\u00e9sentons leur histoire.<\/p>\t\t\t\t\t\t\t\t<\/div>\n\t\t\t\t<\/div>\n\t\t\t\t\t<\/div>\n\t\t\t\t<\/div>\n\t\t<div class=\"elementor-element elementor-element-1da43b4 e-con-full e-flex e-con e-parent\" data-id=\"1da43b4\" data-element_type=\"container\" data-e-type=\"container\" data-settings=\"{&quot;background_background&quot;:&quot;classic&quot;}\">\n\t\t<div class=\"elementor-element elementor-element-ae9564a e-grid e-con-boxed e-con e-child\" data-id=\"ae9564a\" data-element_type=\"container\" data-e-type=\"container\">\n\t\t\t\t\t<div class=\"e-con-inner\">\n\t\t<div class=\"elementor-element elementor-element-6ffdf53 e-con-full e-flex e-con e-child\" data-id=\"6ffdf53\" data-element_type=\"container\" data-e-type=\"container\">\n\t\t\t\t<div class=\"elementor-element elementor-element-2279073 elementor-widget elementor-widget-image\" data-id=\"2279073\" data-element_type=\"widget\" data-e-type=\"widget\" data-widget_type=\"image.default\">\n\t\t\t\t<div class=\"elementor-widget-container\">\n\t\t\t\t\t\t\t\t\t\t\t\t\t\t\t<img fetchpriority=\"high\" decoding=\"async\" width=\"2048\" height=\"1365\" src=\"data:image\/svg+xml;charset=utf-8,%3Csvg xmlns%3D&apos;http%3A%2F%2Fwww.w3.org%2F2000%2Fsvg&apos; viewBox%3D&apos;0 0 2048 1365&apos;%2F%3E\" data-src=\"https:\/\/interpares.ca\/wp-content\/uploads\/2026\/08\/15-2020-international-women-day-sudan-Mahasin-Inaam-1.jpg\" class=\"lazy-load attachment-full size-full wp-image-118878\" alt=\"\" data-srcset=\"https:\/\/interpares.ca\/wp-content\/uploads\/2026\/08\/15-2020-international-women-day-sudan-Mahasin-Inaam-1.jpg 2048w, https:\/\/interpares.ca\/wp-content\/uploads\/2026\/08\/15-2020-international-women-day-sudan-Mahasin-Inaam-1-300x200.jpg 300w, https:\/\/interpares.ca\/wp-content\/uploads\/2026\/08\/15-2020-international-women-day-sudan-Mahasin-Inaam-1-1024x683.jpg 1024w, https:\/\/interpares.ca\/wp-content\/uploads\/2026\/08\/15-2020-international-women-day-sudan-Mahasin-Inaam-1-768x512.jpg 768w, https:\/\/interpares.ca\/wp-content\/uploads\/2026\/08\/15-2020-international-women-day-sudan-Mahasin-Inaam-1-1536x1024.jpg 1536w\" sizes=\"(max-width: 2048px) 100vw, 2048px\" \/>\t\t\t\t\t\t\t\t\t\t\t\t\t\t\t<\/div>\n\t\t\t\t<\/div>\n\t\t\t\t<\/div>\n\t\t<div class=\"elementor-element elementor-element-45552c5 e-con-full e-flex e-con e-child\" data-id=\"45552c5\" data-element_type=\"container\" data-e-type=\"container\">\n\t\t<div class=\"elementor-element elementor-element-3c2119a e-con-full e-flex e-con e-child\" data-id=\"3c2119a\" data-element_type=\"container\" data-e-type=\"container\">\n\t\t\t\t<div class=\"elementor-element elementor-element-4f75265 elementor-widget elementor-widget-image\" data-id=\"4f75265\" data-element_type=\"widget\" data-e-type=\"widget\" data-widget_type=\"image.default\">\n\t\t\t\t<div class=\"elementor-widget-container\">\n\t\t\t\t\t\t\t\t\t\t\t\t\t\t\t<img decoding=\"async\" width=\"2048\" height=\"1365\" src=\"data:image\/svg+xml;charset=utf-8,%3Csvg xmlns%3D&apos;http%3A%2F%2Fwww.w3.org%2F2000%2Fsvg&apos; viewBox%3D&apos;0 0 2048 1365&apos;%2F%3E\" data-src=\"https:\/\/interpares.ca\/wp-content\/uploads\/2026\/08\/14-2020-international-women-day-sudan-Mahasin-Inaam-2.jpg\" class=\"lazy-load attachment-full size-full wp-image-118879\" alt=\"\" data-srcset=\"https:\/\/interpares.ca\/wp-content\/uploads\/2026\/08\/14-2020-international-women-day-sudan-Mahasin-Inaam-2.jpg 2048w, https:\/\/interpares.ca\/wp-content\/uploads\/2026\/08\/14-2020-international-women-day-sudan-Mahasin-Inaam-2-300x200.jpg 300w, https:\/\/interpares.ca\/wp-content\/uploads\/2026\/08\/14-2020-international-women-day-sudan-Mahasin-Inaam-2-1024x683.jpg 1024w, https:\/\/interpares.ca\/wp-content\/uploads\/2026\/08\/14-2020-international-women-day-sudan-Mahasin-Inaam-2-768x512.jpg 768w, https:\/\/interpares.ca\/wp-content\/uploads\/2026\/08\/14-2020-international-women-day-sudan-Mahasin-Inaam-2-1536x1024.jpg 1536w\" sizes=\"(max-width: 2048px) 100vw, 2048px\" \/>\t\t\t\t\t\t\t\t\t\t\t\t\t\t\t<\/div>\n\t\t\t\t<\/div>\n\t\t\t\t<\/div>\n\t\t\t\t<\/div>\n\t\t\t\t\t<\/div>\n\t\t\t\t<\/div>\n\t\t\t\t<\/div>\n\t\t<div class=\"elementor-element elementor-element-c739529 e-flex e-con-boxed e-con e-parent\" data-id=\"c739529\" data-element_type=\"container\" data-e-type=\"container\">\n\t\t\t\t\t<div class=\"e-con-inner\">\n\t\t\t\t<div class=\"elementor-element elementor-element-67611b0 elementor-widget elementor-widget-heading\" data-id=\"67611b0\" data-element_type=\"widget\" data-e-type=\"widget\" data-widget_type=\"heading.default\">\n\t\t\t\t<div class=\"elementor-widget-container\">\n\t\t\t\t\t<h2 class=\"elementor-heading-title elementor-size-default\">Mahasin et Inaam<\/h2>\t\t\t\t<\/div>\n\t\t\t\t<\/div>\n\t\t\t\t\t<\/div>\n\t\t\t\t<\/div>\n\t\t<div class=\"elementor-element elementor-element-a77fa03 e-flex e-con-boxed e-con e-parent\" data-id=\"a77fa03\" data-element_type=\"container\" data-e-type=\"container\">\n\t\t\t\t\t<div class=\"e-con-inner\">\n\t\t\t\t<div class=\"elementor-element elementor-element-227ae3b elementor-blockquote--skin-quotation elementor-blockquote--align-left elementor-widget elementor-widget-blockquote\" data-id=\"227ae3b\" data-element_type=\"widget\" data-e-type=\"widget\" data-widget_type=\"blockquote.default\">\n\t\t\t\t<div class=\"elementor-widget-container\">\n\t\t\t\t\t\t\t<blockquote class=\"elementor-blockquote\">\n\t\t\t<p class=\"elementor-blockquote__content\">\n\t\t\t\tNous croyons \u00e0 ce nouveau Soudan, o\u00f9 les femmes peuvent marcher en s\u00e9curit\u00e9 dans la rue. Pour moi, cette r\u00e9volution est pour la prochaine g\u00e9n\u00e9ration. Nous ne voulons pas mettre au monde des filles qui devront endurer tout ce que nous avons v\u00e9cu. Et ce n\u2019est pas une question de classe sociale. Au Soudan, toutes les classes sociales r\u00e9priment les femmes. Pendant les troubles, nous avons amorc\u00e9 un mouvement r\u00e9volutionnaire f\u00e9ministe distinct quand nous avons senti que personne ne nous repr\u00e9sentait. Nous avons organis\u00e9 des \u00e9quipes de sensibilisation au harc\u00e8lement sexuel et cr\u00e9\u00e9 un espace s\u00e9curis\u00e9 pour les femmes et les filles. Pendant les manifestations, c\u2019\u00e9tait d\u00e9solant de voir le harc\u00e8lement sexuel de la part des hommes, et pas seulement des forces de s\u00e9curit\u00e9. Nous avions parfois envie de dire \u00ab On laisse tomber, \u00e7a ne changera jamais! \u00bb. Mais nous avons persist\u00e9.\t\t\t<\/p>\n\t\t\t\t\t<\/blockquote>\n\t\t\t\t\t\t<\/div>\n\t\t\t\t<\/div>\n\t\t\t\t\t<\/div>\n\t\t\t\t<\/div>\n\t\t<div class=\"elementor-element elementor-element-f0ca1eb e-flex e-con-boxed e-con e-parent\" data-id=\"f0ca1eb\" data-element_type=\"container\" data-e-type=\"container\">\n\t\t\t\t\t<div class=\"e-con-inner\">\n\t\t\t\t<div class=\"elementor-element elementor-element-47806e1 elementor-widget elementor-widget-text-editor\" data-id=\"47806e1\" data-element_type=\"widget\" data-e-type=\"widget\" data-widget_type=\"text-editor.default\">\n\t\t\t\t<div class=\"elementor-widget-container\">\n\t\t\t\t\t\t\t\t\t<p>M\u00eame si la Constitution de 2005 garantit l\u2019\u00e9galit\u00e9 au Soudan, une s\u00e9rie de lois interreli\u00e9es avalisent la discrimination envers les femmes. Elles criminalisent la tenue vestimentaire et le comportement des femmes, nient leur libert\u00e9 de circuler et ultimement, leur capacit\u00e9 de vivre de fa\u00e7on autonome et combler leurs aspirations. Une partie du travail de la transition politique actuelle sera de d\u00e9manteler totalement ce cadre juridique patriarcal.<\/p>\t\t\t\t\t\t\t\t<\/div>\n\t\t\t\t<\/div>\n\t\t\t\t\t<\/div>\n\t\t\t\t<\/div>\n\t\t<div class=\"elementor-element elementor-element-79581d8 e-flex e-con-boxed e-con e-parent\" data-id=\"79581d8\" data-element_type=\"container\" data-e-type=\"container\">\n\t\t\t\t\t<div class=\"e-con-inner\">\n\t\t\t\t<div class=\"elementor-element elementor-element-2e2c5f9 elementor-widget elementor-widget-image\" data-id=\"2e2c5f9\" data-element_type=\"widget\" data-e-type=\"widget\" data-widget_type=\"image.default\">\n\t\t\t\t<div class=\"elementor-widget-container\">\n\t\t\t\t\t\t\t\t\t\t\t\t\t\t\t<img decoding=\"async\" width=\"2048\" height=\"1365\" src=\"https:\/\/interpares.ca\/wp-content\/uploads\/2026\/08\/16-2020-international-women-day-sudan-revolution-Muna.jpg\" class=\"attachment-full size-full wp-image-118880\" alt=\"\" srcset=\"https:\/\/interpares.ca\/wp-content\/uploads\/2026\/08\/16-2020-international-women-day-sudan-revolution-Muna.jpg 2048w, https:\/\/interpares.ca\/wp-content\/uploads\/2026\/08\/16-2020-international-women-day-sudan-revolution-Muna-300x200.jpg 300w, https:\/\/interpares.ca\/wp-content\/uploads\/2026\/08\/16-2020-international-women-day-sudan-revolution-Muna-1024x683.jpg 1024w, https:\/\/interpares.ca\/wp-content\/uploads\/2026\/08\/16-2020-international-women-day-sudan-revolution-Muna-768x512.jpg 768w, https:\/\/interpares.ca\/wp-content\/uploads\/2026\/08\/16-2020-international-women-day-sudan-revolution-Muna-1536x1024.jpg 1536w\" sizes=\"(max-width: 2048px) 100vw, 2048px\" \/>\t\t\t\t\t\t\t\t\t\t\t\t\t\t\t<\/div>\n\t\t\t\t<\/div>\n\t\t\t\t\t<\/div>\n\t\t\t\t<\/div>\n\t\t<div class=\"elementor-element elementor-element-6fb9e6a e-flex e-con-boxed e-con e-parent\" data-id=\"6fb9e6a\" data-element_type=\"container\" data-e-type=\"container\">\n\t\t\t\t\t<div class=\"e-con-inner\">\n\t\t\t\t<div class=\"elementor-element elementor-element-89367df elementor-widget elementor-widget-heading\" data-id=\"89367df\" data-element_type=\"widget\" data-e-type=\"widget\" data-widget_type=\"heading.default\">\n\t\t\t\t<div class=\"elementor-widget-container\">\n\t\t\t\t\t<h2 class=\"elementor-heading-title elementor-size-default\">Muna<\/h2>\t\t\t\t<\/div>\n\t\t\t\t<\/div>\n\t\t\t\t\t<\/div>\n\t\t\t\t<\/div>\n\t\t<div class=\"elementor-element elementor-element-72416e2 e-flex e-con-boxed e-con e-parent\" data-id=\"72416e2\" data-element_type=\"container\" data-e-type=\"container\">\n\t\t\t\t\t<div class=\"e-con-inner\">\n\t\t\t\t<div class=\"elementor-element elementor-element-b94d55e elementor-blockquote--skin-quotation elementor-blockquote--align-left elementor-widget elementor-widget-blockquote\" data-id=\"b94d55e\" data-element_type=\"widget\" data-e-type=\"widget\" data-widget_type=\"blockquote.default\">\n\t\t\t\t<div class=\"elementor-widget-container\">\n\t\t\t\t\t\t\t<blockquote class=\"elementor-blockquote\">\n\t\t\t<p class=\"elementor-blockquote__content\">\n\t\t\t\tParfois, nous ne savions pas ce que nous faisions, seulement qu\u2019il fallait \u00eatre l\u00e0. Le danger \u00e9tait partout. Tu sais que ton pays n\u2019appuie pas les id\u00e9es que tu exprimes. Il n\u2019y avait pas de mode d\u2019emploi. Au d\u00e9but, nous avons improvis\u00e9. Nous nous sentions responsables de l\u2019avenir de la r\u00e9volution malgr\u00e9 les id\u00e9es de nos parents; la plupart des filles que je connais ont agi \u00e0 l\u2019insu de leurs parents. J\u2019\u00e9tais \u00e0 la fois nerveuse et transport\u00e9e par l\u2019espoir d\u2019un changement positif. Je me suis dit qu\u2019aussi longtemps que mon peuple allait protester, je serais l\u00e0. \t\t\t<\/p>\n\t\t\t\t\t<\/blockquote>\n\t\t\t\t\t\t<\/div>\n\t\t\t\t<\/div>\n\t\t\t\t\t<\/div>\n\t\t\t\t<\/div>\n\t\t<div class=\"elementor-element elementor-element-414721e e-flex e-con-boxed e-con e-parent\" data-id=\"414721e\" data-element_type=\"container\" data-e-type=\"container\">\n\t\t\t\t\t<div class=\"e-con-inner\">\n\t\t\t\t<div class=\"elementor-element elementor-element-42d425f elementor-widget elementor-widget-text-editor\" data-id=\"42d425f\" data-element_type=\"widget\" data-e-type=\"widget\" data-widget_type=\"text-editor.default\">\n\t\t\t\t<div class=\"elementor-widget-container\">\n\t\t\t\t\t\t\t\t\t<p>Le soul\u00e8vement de 2019 n\u2019est pas la premi\u00e8re r\u00e9volution populaire au Soudan. Les femmes ont jou\u00e9 un r\u00f4le central par le pass\u00e9, m\u00eame si les soul\u00e8vements n\u2019ont pas forc\u00e9ment mis en place des r\u00e9gimes favorables aux droits des femmes. Cette fois-ci, la r\u00e9volution appelle aux droits des femmes de mani\u00e8re explicite.<\/p>\t\t\t\t\t\t\t\t<\/div>\n\t\t\t\t<\/div>\n\t\t\t\t\t<\/div>\n\t\t\t\t<\/div>\n\t\t<div class=\"elementor-element elementor-element-cbd0a1e e-flex e-con-boxed e-con e-parent\" data-id=\"cbd0a1e\" data-element_type=\"container\" data-e-type=\"container\">\n\t\t\t\t\t<div class=\"e-con-inner\">\n\t\t\t\t<div class=\"elementor-element elementor-element-c07107d elementor-widget elementor-widget-image\" data-id=\"c07107d\" data-element_type=\"widget\" data-e-type=\"widget\" data-widget_type=\"image.default\">\n\t\t\t\t<div class=\"elementor-widget-container\">\n\t\t\t\t\t\t\t\t\t\t\t\t\t\t\t<img loading=\"lazy\" decoding=\"async\" width=\"2048\" height=\"1365\" src=\"https:\/\/interpares.ca\/wp-content\/uploads\/2026\/08\/19-2020-international-women-day-sudan-revolution-sara.jpg\" class=\"attachment-full size-full wp-image-118881\" alt=\"\" srcset=\"https:\/\/interpares.ca\/wp-content\/uploads\/2026\/08\/19-2020-international-women-day-sudan-revolution-sara.jpg 2048w, https:\/\/interpares.ca\/wp-content\/uploads\/2026\/08\/19-2020-international-women-day-sudan-revolution-sara-300x200.jpg 300w, https:\/\/interpares.ca\/wp-content\/uploads\/2026\/08\/19-2020-international-women-day-sudan-revolution-sara-1024x683.jpg 1024w, https:\/\/interpares.ca\/wp-content\/uploads\/2026\/08\/19-2020-international-women-day-sudan-revolution-sara-768x512.jpg 768w, https:\/\/interpares.ca\/wp-content\/uploads\/2026\/08\/19-2020-international-women-day-sudan-revolution-sara-1536x1024.jpg 1536w\" sizes=\"(max-width: 2048px) 100vw, 2048px\" \/>\t\t\t\t\t\t\t\t\t\t\t\t\t\t\t<\/div>\n\t\t\t\t<\/div>\n\t\t\t\t\t<\/div>\n\t\t\t\t<\/div>\n\t\t<div class=\"elementor-element elementor-element-111830d e-flex e-con-boxed e-con e-parent\" data-id=\"111830d\" data-element_type=\"container\" data-e-type=\"container\">\n\t\t\t\t\t<div class=\"e-con-inner\">\n\t\t\t\t<div class=\"elementor-element elementor-element-f096053 elementor-widget elementor-widget-heading\" data-id=\"f096053\" data-element_type=\"widget\" data-e-type=\"widget\" data-widget_type=\"heading.default\">\n\t\t\t\t<div class=\"elementor-widget-container\">\n\t\t\t\t\t<h2 class=\"elementor-heading-title elementor-size-default\">Sara<\/h2>\t\t\t\t<\/div>\n\t\t\t\t<\/div>\n\t\t\t\t\t<\/div>\n\t\t\t\t<\/div>\n\t\t<div class=\"elementor-element elementor-element-ddaa5ee e-flex e-con-boxed e-con e-parent\" data-id=\"ddaa5ee\" data-element_type=\"container\" data-e-type=\"container\">\n\t\t\t\t\t<div class=\"e-con-inner\">\n\t\t\t\t<div class=\"elementor-element elementor-element-7ca8fbc elementor-blockquote--skin-quotation elementor-blockquote--align-left elementor-widget elementor-widget-blockquote\" data-id=\"7ca8fbc\" data-element_type=\"widget\" data-e-type=\"widget\" data-widget_type=\"blockquote.default\">\n\t\t\t\t<div class=\"elementor-widget-container\">\n\t\t\t\t\t\t\t<blockquote class=\"elementor-blockquote\">\n\t\t\t<p class=\"elementor-blockquote__content\">\n\t\t\t\tJe suis \u00e9tudiante en m\u00e9decine et b\u00e9n\u00e9vole pour une organisation qui fait un travail de sensibilisation dans les \u00e9coles publiques sur les droits reproductifs et sexuels \u2013 harc\u00e8lement sexuel, mariage des enfants et mutilations g\u00e9nitales des filles. Ce sont des sujets tr\u00e8s d\u00e9licats et on risque de se faire arr\u00eater pour les avoir abord\u00e9s. Mais nous pouvons informer la prochaine g\u00e9n\u00e9ration. Je viens d\u2019une famille qui me soutient \u00e9norm\u00e9ment et je crois que la r\u00e9volution fait partie de notre culture. En septembre 2013, un grand nombre d\u2019\u00e9tudiants ont organis\u00e9 une manifestation et il y a eu des centaines de morts. C\u2019\u00e9tait terrible. J\u2019ai manifest\u00e9 en d\u00e9cembre 2018 et j\u2019ai \u00e9t\u00e9 arr\u00eat\u00e9e. J\u2019ai v\u00e9cu un stress post-traumatique, mais ma famille a pris soin de moi. \t\t\t<\/p>\n\t\t\t\t\t<\/blockquote>\n\t\t\t\t\t\t<\/div>\n\t\t\t\t<\/div>\n\t\t\t\t\t<\/div>\n\t\t\t\t<\/div>\n\t\t<div class=\"elementor-element elementor-element-c0cd2ec e-flex e-con-boxed e-con e-parent\" data-id=\"c0cd2ec\" data-element_type=\"container\" data-e-type=\"container\">\n\t\t\t\t\t<div class=\"e-con-inner\">\n\t\t\t\t<div class=\"elementor-element elementor-element-07182db elementor-widget elementor-widget-text-editor\" data-id=\"07182db\" data-element_type=\"widget\" data-e-type=\"widget\" data-widget_type=\"text-editor.default\">\n\t\t\t\t<div class=\"elementor-widget-container\">\n\t\t\t\t\t\t\t\t\tEnviron le tiers des filles de moins de 18 ans sont mari\u00e9es au Soudan, certaines d\u00e8s l\u2019\u00e2ge de 10 ans. Pour que les r\u00e9formes de la loi soient efficaces, il faudra aussi changer les normes sociales et religieuses. Les jeunes f\u00e9ministes comme Sara ont un r\u00f4le important \u00e0 jouer dans cette transition.\t\t\t\t\t\t\t\t<\/div>\n\t\t\t\t<\/div>\n\t\t\t\t\t<\/div>\n\t\t\t\t<\/div>\n\t\t<div class=\"elementor-element elementor-element-6178fcd e-flex e-con-boxed e-con e-parent\" data-id=\"6178fcd\" data-element_type=\"container\" data-e-type=\"container\">\n\t\t\t\t\t<div class=\"e-con-inner\">\n\t\t\t\t<div class=\"elementor-element elementor-element-2795801 elementor-widget elementor-widget-image\" data-id=\"2795801\" data-element_type=\"widget\" data-e-type=\"widget\" data-widget_type=\"image.default\">\n\t\t\t\t<div class=\"elementor-widget-container\">\n\t\t\t\t\t\t\t\t\t\t\t\t\t\t\t<img loading=\"lazy\" decoding=\"async\" width=\"2048\" height=\"1365\" src=\"https:\/\/interpares.ca\/wp-content\/uploads\/2026\/08\/20-2020-international-women-day-sudan-revolution-Shaza.jpg\" class=\"attachment-full size-full wp-image-118882\" alt=\"\" srcset=\"https:\/\/interpares.ca\/wp-content\/uploads\/2026\/08\/20-2020-international-women-day-sudan-revolution-Shaza.jpg 2048w, https:\/\/interpares.ca\/wp-content\/uploads\/2026\/08\/20-2020-international-women-day-sudan-revolution-Shaza-300x200.jpg 300w, https:\/\/interpares.ca\/wp-content\/uploads\/2026\/08\/20-2020-international-women-day-sudan-revolution-Shaza-1024x683.jpg 1024w, https:\/\/interpares.ca\/wp-content\/uploads\/2026\/08\/20-2020-international-women-day-sudan-revolution-Shaza-768x512.jpg 768w, https:\/\/interpares.ca\/wp-content\/uploads\/2026\/08\/20-2020-international-women-day-sudan-revolution-Shaza-1536x1024.jpg 1536w\" sizes=\"(max-width: 2048px) 100vw, 2048px\" \/>\t\t\t\t\t\t\t\t\t\t\t\t\t\t\t<\/div>\n\t\t\t\t<\/div>\n\t\t\t\t\t<\/div>\n\t\t\t\t<\/div>\n\t\t<div class=\"elementor-element elementor-element-4e209f7 e-flex e-con-boxed e-con e-parent\" data-id=\"4e209f7\" data-element_type=\"container\" data-e-type=\"container\">\n\t\t\t\t\t<div class=\"e-con-inner\">\n\t\t\t\t<div class=\"elementor-element elementor-element-4514362 elementor-widget elementor-widget-heading\" data-id=\"4514362\" data-element_type=\"widget\" data-e-type=\"widget\" data-widget_type=\"heading.default\">\n\t\t\t\t<div class=\"elementor-widget-container\">\n\t\t\t\t\t<h2 class=\"elementor-heading-title elementor-size-default\">Shaza<\/h2>\t\t\t\t<\/div>\n\t\t\t\t<\/div>\n\t\t\t\t\t<\/div>\n\t\t\t\t<\/div>\n\t\t<div class=\"elementor-element elementor-element-b3ab0dc e-flex e-con-boxed e-con e-parent\" data-id=\"b3ab0dc\" data-element_type=\"container\" data-e-type=\"container\">\n\t\t\t\t\t<div class=\"e-con-inner\">\n\t\t\t\t<div class=\"elementor-element elementor-element-8b79475 elementor-blockquote--skin-quotation elementor-blockquote--align-left elementor-widget elementor-widget-blockquote\" data-id=\"8b79475\" data-element_type=\"widget\" data-e-type=\"widget\" data-widget_type=\"blockquote.default\">\n\t\t\t\t<div class=\"elementor-widget-container\">\n\t\t\t\t\t\t\t<blockquote class=\"elementor-blockquote\">\n\t\t\t<p class=\"elementor-blockquote__content\">\n\t\t\t\tJe viens d\u2019une famille tr\u00e8s conservatrice, alors j\u2019allais aux manifestations en secret chaque jour. Je l\u2019ai dit \u00e0 ma m\u00e8re par la suite, mais mon p\u00e8re l\u2019ignore toujours. Oui, c\u2019est parce que je suis une fille. Mes fr\u00e8res seraient autoris\u00e9s \u00e0 y aller. Une amie m\u2019a d\u00e9j\u00e0 dit \u00ab Si je meurs ici, mes parents vont me tuer! \u00bb (\u00e9clat de rire). Pour moi, ce n\u2019est pas fini. J\u2019ai d\u2019\u00e9normes espoirs et je continue \u00e0 participer au mouvement. Il y a un an, nous pensions que rien n\u2019allait jamais changer. Cette exp\u00e9rience a marqu\u00e9 un tournant majeur pour moi, ma plus belle exp\u00e9rience \u00e0 vie. Tout le monde poursuivait le m\u00eame but.\t\t\t<\/p>\n\t\t\t\t\t<\/blockquote>\n\t\t\t\t\t\t<\/div>\n\t\t\t\t<\/div>\n\t\t\t\t\t<\/div>\n\t\t\t\t<\/div>\n\t\t<div class=\"elementor-element elementor-element-1a05aae e-flex e-con-boxed e-con e-parent\" data-id=\"1a05aae\" data-element_type=\"container\" data-e-type=\"container\">\n\t\t\t\t\t<div class=\"e-con-inner\">\n\t\t\t\t<div class=\"elementor-element elementor-element-15f086a elementor-widget elementor-widget-text-editor\" data-id=\"15f086a\" data-element_type=\"widget\" data-e-type=\"widget\" data-widget_type=\"text-editor.default\">\n\t\t\t\t<div class=\"elementor-widget-container\">\n\t\t\t\t\t\t\t\t\t<p>Avant la r\u00e9volution, la libert\u00e9 de r\u00e9union \u00e9tait strictement limit\u00e9e. La r\u00e9volution a donn\u00e9 aux jeunes le sentiment du possible. Dans les ann\u00e9es \u00e0 venir, il faudra cultiver l\u2019\u00e9ducation civique, la pratique de la d\u00e9mocratie et la mobilisation f\u00e9ministe pour permettre aux jeunes de combler leurs aspirations.<\/p>\t\t\t\t\t\t\t\t<\/div>\n\t\t\t\t<\/div>\n\t\t\t\t\t<\/div>\n\t\t\t\t<\/div>\n\t\t<div class=\"elementor-element elementor-element-aed5438 e-flex e-con-boxed e-con e-parent\" data-id=\"aed5438\" data-element_type=\"container\" data-e-type=\"container\">\n\t\t\t\t\t<div class=\"e-con-inner\">\n\t\t\t\t<div class=\"elementor-element elementor-element-228a92f elementor-widget elementor-widget-image\" data-id=\"228a92f\" data-element_type=\"widget\" data-e-type=\"widget\" data-widget_type=\"image.default\">\n\t\t\t\t<div class=\"elementor-widget-container\">\n\t\t\t\t\t\t\t\t\t\t\t\t\t\t\t<img loading=\"lazy\" decoding=\"async\" width=\"2048\" height=\"1365\" src=\"https:\/\/interpares.ca\/wp-content\/uploads\/2026\/08\/18-2020-international-women-day-sudan-revolution-Mahab.jpg\" class=\"attachment-full size-full wp-image-118883\" alt=\"\" srcset=\"https:\/\/interpares.ca\/wp-content\/uploads\/2026\/08\/18-2020-international-women-day-sudan-revolution-Mahab.jpg 2048w, https:\/\/interpares.ca\/wp-content\/uploads\/2026\/08\/18-2020-international-women-day-sudan-revolution-Mahab-300x200.jpg 300w, https:\/\/interpares.ca\/wp-content\/uploads\/2026\/08\/18-2020-international-women-day-sudan-revolution-Mahab-1024x683.jpg 1024w, https:\/\/interpares.ca\/wp-content\/uploads\/2026\/08\/18-2020-international-women-day-sudan-revolution-Mahab-768x512.jpg 768w, https:\/\/interpares.ca\/wp-content\/uploads\/2026\/08\/18-2020-international-women-day-sudan-revolution-Mahab-1536x1024.jpg 1536w\" sizes=\"(max-width: 2048px) 100vw, 2048px\" \/>\t\t\t\t\t\t\t\t\t\t\t\t\t\t\t<\/div>\n\t\t\t\t<\/div>\n\t\t\t\t\t<\/div>\n\t\t\t\t<\/div>\n\t\t<div class=\"elementor-element elementor-element-f46118c e-flex e-con-boxed e-con e-parent\" data-id=\"f46118c\" data-element_type=\"container\" data-e-type=\"container\">\n\t\t\t\t\t<div class=\"e-con-inner\">\n\t\t\t\t<div class=\"elementor-element elementor-element-ba8d1f8 elementor-widget elementor-widget-heading\" data-id=\"ba8d1f8\" data-element_type=\"widget\" data-e-type=\"widget\" data-widget_type=\"heading.default\">\n\t\t\t\t<div class=\"elementor-widget-container\">\n\t\t\t\t\t<h2 class=\"elementor-heading-title elementor-size-default\">Mahab<\/h2>\t\t\t\t<\/div>\n\t\t\t\t<\/div>\n\t\t\t\t\t<\/div>\n\t\t\t\t<\/div>\n\t\t<div class=\"elementor-element elementor-element-8ad781c e-flex e-con-boxed e-con e-parent\" data-id=\"8ad781c\" data-element_type=\"container\" data-e-type=\"container\">\n\t\t\t\t\t<div class=\"e-con-inner\">\n\t\t\t\t<div class=\"elementor-element elementor-element-02ccaa7 elementor-blockquote--skin-quotation elementor-blockquote--align-left elementor-widget elementor-widget-blockquote\" data-id=\"02ccaa7\" data-element_type=\"widget\" data-e-type=\"widget\" data-widget_type=\"blockquote.default\">\n\t\t\t\t<div class=\"elementor-widget-container\">\n\t\t\t\t\t\t\t<blockquote class=\"elementor-blockquote\">\n\t\t\t<p class=\"elementor-blockquote__content\">\n\t\t\t\tNous sommes venus vivre au Soudan il y a deux ans et je ne me suis jamais sentie chez moi. Apr\u00e8s la r\u00e9volution, je me sentais tout \u00e0 fait chez moi. Avant, je ne songeais pas \u00e0 faire des \u00e9tudes en m\u00e9decine, mais maintenant, je veux devenir psychiatre. Ici, personne ne prend vraiment la maladie mentale au s\u00e9rieux. Je crois pouvoir changer cette perception. Pour la r\u00e9volution, j\u2019ai plein d\u2019espoirs. Je ne crois pas qu\u2019ils vont se r\u00e9aliser bient\u00f4t. D\u2019accord, il y a des changements, mais la vieille g\u00e9n\u00e9ration n\u2019appuie pas le changement \u2013 ma famille ne l\u2019appuie pas.\t\t\t<\/p>\n\t\t\t\t\t<\/blockquote>\n\t\t\t\t\t\t<\/div>\n\t\t\t\t<\/div>\n\t\t\t\t\t<\/div>\n\t\t\t\t<\/div>\n\t\t<div class=\"elementor-element elementor-element-17475c3 e-flex e-con-boxed e-con e-parent\" data-id=\"17475c3\" data-element_type=\"container\" data-e-type=\"container\">\n\t\t\t\t\t<div class=\"e-con-inner\">\n\t\t\t\t<div class=\"elementor-element elementor-element-a306c5a elementor-widget elementor-widget-text-editor\" data-id=\"a306c5a\" data-element_type=\"widget\" data-e-type=\"widget\" data-widget_type=\"text-editor.default\">\n\t\t\t\t<div class=\"elementor-widget-container\">\n\t\t\t\t\t\t\t\t\tInter Pares soutient des services d&rsquo;aide juridique aux femmes offerts par l&rsquo;Organisation soudanaise pour la recherche et le d\u00e9veloppement (SORD), homologue de longue date. Avec l\u2019aide d\u2019un nouveau financement d\u2019Affaires mondiales Canada, nous pr\u00e9voyons greffer \u00e0 ce travail un soutien indispensable sur le plan psychosocial.\t\t\t\t\t\t\t\t<\/div>\n\t\t\t\t<\/div>\n\t\t\t\t\t<\/div>\n\t\t\t\t<\/div>\n\t\t<div class=\"elementor-element elementor-element-57dd795 e-flex e-con-boxed e-con e-parent\" data-id=\"57dd795\" data-element_type=\"container\" data-e-type=\"container\">\n\t\t\t\t\t<div class=\"e-con-inner\">\n\t\t\t\t<div class=\"elementor-element elementor-element-f1ccc29 elementor-widget elementor-widget-image\" data-id=\"f1ccc29\" data-element_type=\"widget\" data-e-type=\"widget\" data-widget_type=\"image.default\">\n\t\t\t\t<div class=\"elementor-widget-container\">\n\t\t\t\t\t\t\t\t\t\t\t\t\t\t\t<img loading=\"lazy\" decoding=\"async\" width=\"2048\" height=\"1365\" src=\"https:\/\/interpares.ca\/wp-content\/uploads\/2026\/08\/17-2020-international-women-day-sudan-revolution-Maryam.jpg\" class=\"attachment-full size-full wp-image-118884\" alt=\"\" srcset=\"https:\/\/interpares.ca\/wp-content\/uploads\/2026\/08\/17-2020-international-women-day-sudan-revolution-Maryam.jpg 2048w, https:\/\/interpares.ca\/wp-content\/uploads\/2026\/08\/17-2020-international-women-day-sudan-revolution-Maryam-300x200.jpg 300w, https:\/\/interpares.ca\/wp-content\/uploads\/2026\/08\/17-2020-international-women-day-sudan-revolution-Maryam-1024x683.jpg 1024w, https:\/\/interpares.ca\/wp-content\/uploads\/2026\/08\/17-2020-international-women-day-sudan-revolution-Maryam-768x512.jpg 768w, https:\/\/interpares.ca\/wp-content\/uploads\/2026\/08\/17-2020-international-women-day-sudan-revolution-Maryam-1536x1024.jpg 1536w\" sizes=\"(max-width: 2048px) 100vw, 2048px\" \/>\t\t\t\t\t\t\t\t\t\t\t\t\t\t\t<\/div>\n\t\t\t\t<\/div>\n\t\t\t\t\t<\/div>\n\t\t\t\t<\/div>\n\t\t<div class=\"elementor-element elementor-element-afa04c4 e-flex e-con-boxed e-con e-parent\" data-id=\"afa04c4\" data-element_type=\"container\" data-e-type=\"container\">\n\t\t\t\t\t<div class=\"e-con-inner\">\n\t\t\t\t<div class=\"elementor-element elementor-element-55f342e elementor-widget elementor-widget-heading\" data-id=\"55f342e\" data-element_type=\"widget\" data-e-type=\"widget\" data-widget_type=\"heading.default\">\n\t\t\t\t<div class=\"elementor-widget-container\">\n\t\t\t\t\t<h2 class=\"elementor-heading-title elementor-size-default\">Maryam<\/h2>\t\t\t\t<\/div>\n\t\t\t\t<\/div>\n\t\t\t\t\t<\/div>\n\t\t\t\t<\/div>\n\t\t<div class=\"elementor-element elementor-element-d75b918 e-flex e-con-boxed e-con e-parent\" data-id=\"d75b918\" data-element_type=\"container\" data-e-type=\"container\">\n\t\t\t\t\t<div class=\"e-con-inner\">\n\t\t\t\t<div class=\"elementor-element elementor-element-485225b elementor-blockquote--skin-quotation elementor-blockquote--align-left elementor-widget elementor-widget-blockquote\" data-id=\"485225b\" data-element_type=\"widget\" data-e-type=\"widget\" data-widget_type=\"blockquote.default\">\n\t\t\t\t<div class=\"elementor-widget-container\">\n\t\t\t\t\t\t\t<blockquote class=\"elementor-blockquote\">\n\t\t\t<p class=\"elementor-blockquote__content\">\n\t\t\t\tJ\u2019ai \u00e9t\u00e9 arr\u00eat\u00e9e avec des amis. \u00c0 ma premi\u00e8re manifestation, les forces de s\u00e9curit\u00e9 ont couru apr\u00e8s nous. Je ne savais pas o\u00f9 me r\u00e9fugier. Nous avons voulu nous cacher dans un restaurant, mais les choses ont tr\u00e8s mal tourn\u00e9. Des filles se sont fait battre apr\u00e8s s\u2019\u00eatre r\u00e9fugi\u00e9es dans les toilettes. Des gar\u00e7ons se sont fait raser la t\u00eate. Les forces de s\u00e9curit\u00e9 s\u2019amusaient \u00e0 nous terroriser. Ils disaient \u00e0 quelqu'un de lire une page blanche, puis ils battaient la personne parce qu\u2019elle restait muette. C\u2019\u00e9tait ma premi\u00e8re manif et j\u2019ai cru que ce serait la derni\u00e8re. Apr\u00e8s, ils nous ont amen\u00e9s au poste et j\u2019ai eu la chance d\u2019\u00eatre rel\u00e2ch\u00e9e. Je suis retourn\u00e9e manifester tous les jours ensuite. Quand on est une fille au Soudan, on n\u2019est pas tr\u00e8s \u00e0 l\u2019aise de marcher dans la rue, mais pendant la r\u00e9volution \u2013 c\u2019est le seul temps o\u00f9 je me suis sentie en s\u00e9curit\u00e9. Nous nous sommes mis ensemble pour atteindre un objectif et \u00e7a, c\u2019est vraiment merveilleux! \t\t\t<\/p>\n\t\t\t\t\t<\/blockquote>\n\t\t\t\t\t\t<\/div>\n\t\t\t\t<\/div>\n\t\t\t\t\t<\/div>\n\t\t\t\t<\/div>\n\t\t<div class=\"elementor-element elementor-element-d4375dc e-flex e-con-boxed e-con e-parent\" data-id=\"d4375dc\" data-element_type=\"container\" data-e-type=\"container\">\n\t\t\t\t\t<div class=\"e-con-inner\">\n\t\t\t\t<div class=\"elementor-element elementor-element-83e4995 elementor-widget elementor-widget-text-editor\" data-id=\"83e4995\" data-element_type=\"widget\" data-e-type=\"widget\" data-widget_type=\"text-editor.default\">\n\t\t\t\t<div class=\"elementor-widget-container\">\n\t\t\t\t\t\t\t\t\t<p>Pendant l\u2019\u00e8re al-Bashir, essentiellement une dictature de 30 ans, les forces de s\u00e9curit\u00e9 \u2013 arm\u00e9e, services secrets, police et paramilitaires \u2013 ont commis en toute impunit\u00e9 de graves violations des droits de la personne. La r\u00e9forme du secteur de la s\u00e9curit\u00e9 sera une priorit\u00e9 capitale dans les mois et les ann\u00e9es \u00e0 venir. Le gouvernement de transition devra trouver le moyen d\u2019instaurer la r\u00e8gle de droit et de rendre justice aux personnes qui ont souffert.<\/p>\t\t\t\t\t\t\t\t<\/div>\n\t\t\t\t<\/div>\n\t\t\t\t\t<\/div>\n\t\t\t\t<\/div>\n\t\t<div class=\"elementor-element elementor-element-d91fa4e e-flex e-con-boxed e-con e-parent\" data-id=\"d91fa4e\" data-element_type=\"container\" data-e-type=\"container\">\n\t\t\t\t\t<div class=\"e-con-inner\">\n\t\t\t\t<div class=\"elementor-element elementor-element-008ee1e elementor-widget elementor-widget-image\" data-id=\"008ee1e\" data-element_type=\"widget\" data-e-type=\"widget\" data-widget_type=\"image.default\">\n\t\t\t\t<div class=\"elementor-widget-container\">\n\t\t\t\t\t\t\t\t\t\t\t\t\t\t\t<img loading=\"lazy\" decoding=\"async\" width=\"2048\" height=\"1365\" src=\"https:\/\/interpares.ca\/wp-content\/uploads\/2026\/08\/11-2020-international-women-day-sudan-revolution-sara-2.jpg\" class=\"attachment-full size-full wp-image-118885\" alt=\"\" srcset=\"https:\/\/interpares.ca\/wp-content\/uploads\/2026\/08\/11-2020-international-women-day-sudan-revolution-sara-2.jpg 2048w, https:\/\/interpares.ca\/wp-content\/uploads\/2026\/08\/11-2020-international-women-day-sudan-revolution-sara-2-300x200.jpg 300w, https:\/\/interpares.ca\/wp-content\/uploads\/2026\/08\/11-2020-international-women-day-sudan-revolution-sara-2-1024x683.jpg 1024w, https:\/\/interpares.ca\/wp-content\/uploads\/2026\/08\/11-2020-international-women-day-sudan-revolution-sara-2-768x512.jpg 768w, https:\/\/interpares.ca\/wp-content\/uploads\/2026\/08\/11-2020-international-women-day-sudan-revolution-sara-2-1536x1024.jpg 1536w\" sizes=\"(max-width: 2048px) 100vw, 2048px\" \/>\t\t\t\t\t\t\t\t\t\t\t\t\t\t\t<\/div>\n\t\t\t\t<\/div>\n\t\t\t\t\t<\/div>\n\t\t\t\t<\/div>\n\t\t<div class=\"elementor-element elementor-element-82feeaf e-flex e-con-boxed e-con e-parent\" data-id=\"82feeaf\" data-element_type=\"container\" data-e-type=\"container\">\n\t\t\t\t\t<div class=\"e-con-inner\">\n\t\t\t\t<div class=\"elementor-element elementor-element-de8ead3 elementor-widget elementor-widget-heading\" data-id=\"de8ead3\" data-element_type=\"widget\" data-e-type=\"widget\" data-widget_type=\"heading.default\">\n\t\t\t\t<div class=\"elementor-widget-container\">\n\t\t\t\t\t<h2 class=\"elementor-heading-title elementor-size-default\">Sara<\/h2>\t\t\t\t<\/div>\n\t\t\t\t<\/div>\n\t\t\t\t\t<\/div>\n\t\t\t\t<\/div>\n\t\t<div class=\"elementor-element elementor-element-631e32b e-flex e-con-boxed e-con e-parent\" data-id=\"631e32b\" data-element_type=\"container\" data-e-type=\"container\">\n\t\t\t\t\t<div class=\"e-con-inner\">\n\t\t\t\t<div class=\"elementor-element elementor-element-d9d7d05 elementor-blockquote--skin-quotation elementor-blockquote--align-left elementor-widget elementor-widget-blockquote\" data-id=\"d9d7d05\" data-element_type=\"widget\" data-e-type=\"widget\" data-widget_type=\"blockquote.default\">\n\t\t\t\t<div class=\"elementor-widget-container\">\n\t\t\t\t\t\t\t<blockquote class=\"elementor-blockquote\">\n\t\t\t<p class=\"elementor-blockquote__content\">\n\t\t\t\t\u00c7a fait 30 ans que c\u2019est le chaos ici. Notre g\u00e9n\u00e9ration a r\u00eav\u00e9 de changement et nous voulons le faire \u00e0 notre fa\u00e7on \u2013 avec \u00e9galit\u00e9 et justice. Le 11 avril, apr\u00e8s le d\u00e9part d\u2019al-Bashir, nous avons attendu. Qui allait le remplacer? Puis on a dit qu\u2019il y aurait une annonce. Tout s\u2019est arr\u00eat\u00e9, m\u00eame les voitures. Silence total. Apr\u00e8s l\u2019annonce, la d\u00e9ception \u00e9tait palpable [un autre membre des forces arm\u00e9es allait remplacer al-Bashir]. Tout le monde s\u2019est mis \u00e0 crier \u00ab Pas de militaires! \u00bb. Nous pensions que le sit-in allait continuer jusqu\u2019\u00e0 l\u2019arriv\u00e9e d\u2019un gouvernement civil. Apr\u00e8s le massacre du 3 juin, toute la population \u00e9tait en \u00e9tat de choc. Puis il y a eu la coupure d\u2019internet. Je n\u2019ai pu parler \u00e0 personne pendant 12 jours. Mais apr\u00e8s le massacre, m\u00eame ma m\u00e8re a dit que tout le monde devait descendre manifester dans la rue. Son approbation m\u2019a donn\u00e9 des ailes. La grosse manifestation suivante a eu lieu le 30 juin. Je me suis dit qu\u2019il nous fallait vivre ensemble ou mourir ensemble. Tout le monde \u00e9tait l\u00e0 \u2013 ils ont toujours eu peur de nous quand nous sommes en groupe. \t\t\t<\/p>\n\t\t\t\t\t<\/blockquote>\n\t\t\t\t\t\t<\/div>\n\t\t\t\t<\/div>\n\t\t\t\t\t<\/div>\n\t\t\t\t<\/div>\n\t\t<div class=\"elementor-element elementor-element-64b30da e-flex e-con-boxed e-con e-parent\" data-id=\"64b30da\" data-element_type=\"container\" data-e-type=\"container\">\n\t\t\t\t\t<div class=\"e-con-inner\">\n\t\t\t\t<div class=\"elementor-element elementor-element-4beedb9 elementor-widget elementor-widget-text-editor\" data-id=\"4beedb9\" data-element_type=\"widget\" data-e-type=\"widget\" data-widget_type=\"text-editor.default\">\n\t\t\t\t<div class=\"elementor-widget-container\">\n\t\t\t\t\t\t\t\t\t<p>Le massacre du 3 juin 2019 a eu lieu lorsque les forces de s\u00e9curit\u00e9 ont utilis\u00e9 une force brutale pour d\u00e9manteler les manifestations pacifiques \u00e0 Khartoum. Plus de 100 d\u00e9c\u00e8s ont \u00e9t\u00e9 document\u00e9s, en plus de viols et d&rsquo;agressions.<\/p><p>Triomphalement, des dizaines de milliers de personnes ont d\u00e9fil\u00e9 le 30 juin pour montrer qu&rsquo;elles ne seraient pas intimid\u00e9es. Ensemble, on peut accomplir beaucoup plus que chacun de son c\u00f4t\u00e9. L\u2019ambition et le succ\u00e8s du soul\u00e8vement au Soudan d\u00e9montrent avec \u00e9loquence le pouvoir du peuple qui s\u2019organise pour r\u00e9clamer un changement politique.<\/p>\t\t\t\t\t\t\t\t<\/div>\n\t\t\t\t<\/div>\n\t\t\t\t\t<\/div>\n\t\t\t\t<\/div>\n\t\t<div class=\"elementor-element elementor-element-99bd280 e-flex e-con-boxed e-con e-parent\" data-id=\"99bd280\" data-element_type=\"container\" data-e-type=\"container\">\n\t\t\t\t\t<div class=\"e-con-inner\">\n\t\t\t\t<div class=\"elementor-element elementor-element-3caf796 elementor-widget elementor-widget-image\" data-id=\"3caf796\" data-element_type=\"widget\" data-e-type=\"widget\" data-widget_type=\"image.default\">\n\t\t\t\t<div class=\"elementor-widget-container\">\n\t\t\t\t\t\t\t\t\t\t\t\t\t\t\t<img loading=\"lazy\" decoding=\"async\" width=\"2048\" height=\"1365\" src=\"https:\/\/interpares.ca\/wp-content\/uploads\/2026\/08\/12-2020-international-women-day-sudan-revolution-Afraa.jpg\" class=\"attachment-full size-full wp-image-118886\" alt=\"\" srcset=\"https:\/\/interpares.ca\/wp-content\/uploads\/2026\/08\/12-2020-international-women-day-sudan-revolution-Afraa.jpg 2048w, https:\/\/interpares.ca\/wp-content\/uploads\/2026\/08\/12-2020-international-women-day-sudan-revolution-Afraa-300x200.jpg 300w, https:\/\/interpares.ca\/wp-content\/uploads\/2026\/08\/12-2020-international-women-day-sudan-revolution-Afraa-1024x683.jpg 1024w, https:\/\/interpares.ca\/wp-content\/uploads\/2026\/08\/12-2020-international-women-day-sudan-revolution-Afraa-768x512.jpg 768w, https:\/\/interpares.ca\/wp-content\/uploads\/2026\/08\/12-2020-international-women-day-sudan-revolution-Afraa-1536x1024.jpg 1536w\" sizes=\"(max-width: 2048px) 100vw, 2048px\" \/>\t\t\t\t\t\t\t\t\t\t\t\t\t\t\t<\/div>\n\t\t\t\t<\/div>\n\t\t\t\t\t<\/div>\n\t\t\t\t<\/div>\n\t\t<div class=\"elementor-element elementor-element-10cdb0f e-flex e-con-boxed e-con e-parent\" data-id=\"10cdb0f\" data-element_type=\"container\" data-e-type=\"container\">\n\t\t\t\t\t<div class=\"e-con-inner\">\n\t\t\t\t<div class=\"elementor-element elementor-element-ae78a0a elementor-widget elementor-widget-heading\" data-id=\"ae78a0a\" data-element_type=\"widget\" data-e-type=\"widget\" data-widget_type=\"heading.default\">\n\t\t\t\t<div class=\"elementor-widget-container\">\n\t\t\t\t\t<h2 class=\"elementor-heading-title elementor-size-default\">Afraa<\/h2>\t\t\t\t<\/div>\n\t\t\t\t<\/div>\n\t\t\t\t\t<\/div>\n\t\t\t\t<\/div>\n\t\t<div class=\"elementor-element elementor-element-65b16e4 e-flex e-con-boxed e-con e-parent\" data-id=\"65b16e4\" data-element_type=\"container\" data-e-type=\"container\">\n\t\t\t\t\t<div class=\"e-con-inner\">\n\t\t\t\t<div class=\"elementor-element elementor-element-8eebfdb elementor-blockquote--skin-quotation elementor-blockquote--align-left elementor-widget elementor-widget-blockquote\" data-id=\"8eebfdb\" data-element_type=\"widget\" data-e-type=\"widget\" data-widget_type=\"blockquote.default\">\n\t\t\t\t<div class=\"elementor-widget-container\">\n\t\t\t\t\t\t\t<blockquote class=\"elementor-blockquote\">\n\t\t\t<p class=\"elementor-blockquote__content\">\n\t\t\t\tJe suis r\u00e9alisatrice. Pendant les manifestations de 2013, je me suis fait battre et arr\u00eater. C\u2019est la col\u00e8re qui m\u2019a incit\u00e9e \u00e0 sortir pendant la r\u00e9volution. Nous avons manifest\u00e9 \u00e0 Omdurman. Au d\u00e9but, nous n\u2019\u00e9tions pas organis\u00e9s \u2013 nous \u00e9tions juste un groupe d\u2019amis assis ensemble. Puis nous avons vu que certains manifestants faisaient du grabuge, alors nous avons commenc\u00e9 \u00e0 nous organiser et \u00e0 pr\u00f4ner la non-violence. En tant que r\u00e9alisateurs, nous avons commenc\u00e9 \u00e0 filmer pour documenter la lutte. Comme r\u00e9alisatrice, je me sentais particuli\u00e8rement responsable de t\u00e9moigner et de documenter ce qui se passait. Nous voulions cr\u00e9er un site web, mais on a confisqu\u00e9 nos images. Bien s\u00fbr, nous devons \u00eatre patients. Mais pour moi, le changement n\u2019arrive pas assez vite, surtout pour certaines lois et certaines politiques. La juge en chef est une femme, mais si elle ne fait pas son boulot, nous allons r\u00e9agir. \t\t\t<\/p>\n\t\t\t\t\t<\/blockquote>\n\t\t\t\t\t\t<\/div>\n\t\t\t\t<\/div>\n\t\t\t\t\t<\/div>\n\t\t\t\t<\/div>\n\t\t<div class=\"elementor-element elementor-element-97606a5 e-flex e-con-boxed e-con e-parent\" data-id=\"97606a5\" data-element_type=\"container\" data-e-type=\"container\">\n\t\t\t\t\t<div class=\"e-con-inner\">\n\t\t\t\t<div class=\"elementor-element elementor-element-5019b71 elementor-widget elementor-widget-text-editor\" data-id=\"5019b71\" data-element_type=\"widget\" data-e-type=\"widget\" data-widget_type=\"text-editor.default\">\n\t\t\t\t<div class=\"elementor-widget-container\">\n\t\t\t\t\t\t\t\t\t<p>Comme en 2013, les citoyens ont jou\u00e9 un r\u00f4le essentiel dans la documentation des soul\u00e8vements de 2019 et la diffusion d&rsquo;information et de mises \u00e0 jour en direct, principalement en ligne. La reddition de comptes politique est cl\u00e9 pour la transition au Soudan.<\/p><p>Sous al-Bashir, il y avait un quota de 25 % de femmes au parlement, mais en l\u2019absence d\u2019une v\u00e9ritable repr\u00e9sentation f\u00e9ministe, les droits des femmes ont \u00e9t\u00e9 mis de c\u00f4t\u00e9. Pendant la transition, les organisations de d\u00e9fense des droits des femmes veilleront \u00e0 ce que les changements propos\u00e9s et r\u00e9alis\u00e9s soient sensibles au genre.<\/p>\t\t\t\t\t\t\t\t<\/div>\n\t\t\t\t<\/div>\n\t\t\t\t\t<\/div>\n\t\t\t\t<\/div>\n\t\t<div class=\"elementor-element elementor-element-1e703bd e-flex e-con-boxed e-con e-parent\" data-id=\"1e703bd\" data-element_type=\"container\" data-e-type=\"container\">\n\t\t\t\t\t<div class=\"e-con-inner\">\n\t\t\t\t<div class=\"elementor-element elementor-element-9d6f8ab elementor-widget elementor-widget-image\" data-id=\"9d6f8ab\" data-element_type=\"widget\" data-e-type=\"widget\" data-widget_type=\"image.default\">\n\t\t\t\t<div class=\"elementor-widget-container\">\n\t\t\t\t\t\t\t\t\t\t\t\t\t\t\t<img loading=\"lazy\" decoding=\"async\" width=\"2048\" height=\"1365\" src=\"https:\/\/interpares.ca\/wp-content\/uploads\/2026\/08\/10-2020-international-women-day-sudan-revolution-Misson.jpg\" class=\"attachment-full size-full wp-image-118887\" alt=\"\" srcset=\"https:\/\/interpares.ca\/wp-content\/uploads\/2026\/08\/10-2020-international-women-day-sudan-revolution-Misson.jpg 2048w, https:\/\/interpares.ca\/wp-content\/uploads\/2026\/08\/10-2020-international-women-day-sudan-revolution-Misson-300x200.jpg 300w, https:\/\/interpares.ca\/wp-content\/uploads\/2026\/08\/10-2020-international-women-day-sudan-revolution-Misson-1024x683.jpg 1024w, https:\/\/interpares.ca\/wp-content\/uploads\/2026\/08\/10-2020-international-women-day-sudan-revolution-Misson-768x512.jpg 768w, https:\/\/interpares.ca\/wp-content\/uploads\/2026\/08\/10-2020-international-women-day-sudan-revolution-Misson-1536x1024.jpg 1536w\" sizes=\"(max-width: 2048px) 100vw, 2048px\" \/>\t\t\t\t\t\t\t\t\t\t\t\t\t\t\t<\/div>\n\t\t\t\t<\/div>\n\t\t\t\t\t<\/div>\n\t\t\t\t<\/div>\n\t\t<div class=\"elementor-element elementor-element-b9cba1a e-flex e-con-boxed e-con e-parent\" data-id=\"b9cba1a\" data-element_type=\"container\" data-e-type=\"container\">\n\t\t\t\t\t<div class=\"e-con-inner\">\n\t\t\t\t<div class=\"elementor-element elementor-element-00b4110 elementor-widget elementor-widget-heading\" data-id=\"00b4110\" data-element_type=\"widget\" data-e-type=\"widget\" data-widget_type=\"heading.default\">\n\t\t\t\t<div class=\"elementor-widget-container\">\n\t\t\t\t\t<h2 class=\"elementor-heading-title elementor-size-default\">Misson<\/h2>\t\t\t\t<\/div>\n\t\t\t\t<\/div>\n\t\t\t\t\t<\/div>\n\t\t\t\t<\/div>\n\t\t<div class=\"elementor-element elementor-element-38560d6 e-flex e-con-boxed e-con e-parent\" data-id=\"38560d6\" data-element_type=\"container\" data-e-type=\"container\">\n\t\t\t\t\t<div class=\"e-con-inner\">\n\t\t\t\t<div class=\"elementor-element elementor-element-406967f elementor-blockquote--skin-quotation elementor-blockquote--align-left elementor-widget elementor-widget-blockquote\" data-id=\"406967f\" data-element_type=\"widget\" data-e-type=\"widget\" data-widget_type=\"blockquote.default\">\n\t\t\t\t<div class=\"elementor-widget-container\">\n\t\t\t\t\t\t\t<blockquote class=\"elementor-blockquote\">\n\t\t\t<p class=\"elementor-blockquote__content\">\n\t\t\t\tJe ne suis pas du tout optimiste. L\u2019arm\u00e9e fait partie du gouvernement \u2013 c\u2019est l\u2019instrument d\u2019al-Bashir. Les n\u00e9gociateurs ont fait beaucoup de compromis. \u00c7a n\u2019a aucun sens. Mieux vaut mourir que d\u2019accepter l\u2019arm\u00e9e. Depuis 2013, nous \u00e9touffons sous les gaz lacrymog\u00e8nes et nous baignons dans le sang. Mon cousin est mort lors du massacre [du 3 juin]. Tout le monde a perdu quelqu\u2019un. Tout le pays a v\u00e9cu un traumatisme. Mon ex-mari est venu se r\u00e9fugier chez moi. On lui avait ras\u00e9 la t\u00eate et il \u00e9tait couvert de sang. Il n\u2019a pas pu dire un mot pendant 10 jours. La manifestation du 30 juin a \u00e9t\u00e9 organis\u00e9e en secret \u2013 \u00e7a a \u00e9t\u00e9 une victoire. Le sit-in a \u00e9t\u00e9 pour les jeunes une occasion importante de se r\u00e9unir, de s\u2019informer de leurs droits et de s\u2019organiser. Ma fille a 16 ans et elle est tr\u00e8s timide. Les sit-in lui ont donn\u00e9 confiance en elle. Mais nous m\u00e9ritons mieux que \u00e7a. La r\u00e9volution n\u2019est pas termin\u00e9e. \t\t\t<\/p>\n\t\t\t\t\t<\/blockquote>\n\t\t\t\t\t\t<\/div>\n\t\t\t\t<\/div>\n\t\t\t\t\t<\/div>\n\t\t\t\t<\/div>\n\t\t<div class=\"elementor-element elementor-element-71f8225 e-flex e-con-boxed e-con e-parent\" data-id=\"71f8225\" data-element_type=\"container\" data-e-type=\"container\">\n\t\t\t\t\t<div class=\"e-con-inner\">\n\t\t\t\t<div class=\"elementor-element elementor-element-0cecf18 elementor-widget elementor-widget-text-editor\" data-id=\"0cecf18\" data-element_type=\"widget\" data-e-type=\"widget\" data-widget_type=\"text-editor.default\">\n\t\t\t\t<div class=\"elementor-widget-container\">\n\t\t\t\t\t\t\t\t\tLes \u00absit-in\u00bb \u00e9taient le pilier de la r\u00e9volution. Les gens se sont rassembl\u00e9s, par exemple devant le quartier g\u00e9n\u00e9ral de l&rsquo;arm\u00e9e et les rues environnantes, pour occuper l&rsquo;espace, \u00e9rigeant parfois des tentes et coordonnant des formations sur une question particuli\u00e8re. Le travail d\u2019\u00e9dification du pays et de r\u00e9tablissement de la justice ne fait que commencer au Soudan. Et les repr\u00e9sentants du gouvernement de transition qui font fi des appels \u00e0 lever l\u2019impunit\u00e9 le font \u00e0 leurs risques et p\u00e9rils. \t\t\t\t\t\t\t\t<\/div>\n\t\t\t\t<\/div>\n\t\t\t\t\t<\/div>\n\t\t\t\t<\/div>\n\t\t<div class=\"elementor-element elementor-element-bd723fd e-flex e-con-boxed e-con e-parent\" data-id=\"bd723fd\" data-element_type=\"container\" data-e-type=\"container\">\n\t\t\t\t\t<div class=\"e-con-inner\">\n\t\t\t\t<div class=\"elementor-element elementor-element-16b3e3c elementor-widget elementor-widget-image\" data-id=\"16b3e3c\" data-element_type=\"widget\" data-e-type=\"widget\" data-widget_type=\"image.default\">\n\t\t\t\t<div class=\"elementor-widget-container\">\n\t\t\t\t\t\t\t\t\t\t\t\t\t\t\t<img loading=\"lazy\" decoding=\"async\" width=\"2048\" height=\"1365\" src=\"https:\/\/interpares.ca\/wp-content\/uploads\/2026\/08\/13-2020-international-women-day-sudan-revolution-Rania.jpg\" class=\"attachment-full size-full wp-image-118888\" alt=\"\" srcset=\"https:\/\/interpares.ca\/wp-content\/uploads\/2026\/08\/13-2020-international-women-day-sudan-revolution-Rania.jpg 2048w, https:\/\/interpares.ca\/wp-content\/uploads\/2026\/08\/13-2020-international-women-day-sudan-revolution-Rania-300x200.jpg 300w, https:\/\/interpares.ca\/wp-content\/uploads\/2026\/08\/13-2020-international-women-day-sudan-revolution-Rania-1024x683.jpg 1024w, https:\/\/interpares.ca\/wp-content\/uploads\/2026\/08\/13-2020-international-women-day-sudan-revolution-Rania-768x512.jpg 768w, https:\/\/interpares.ca\/wp-content\/uploads\/2026\/08\/13-2020-international-women-day-sudan-revolution-Rania-1536x1024.jpg 1536w\" sizes=\"(max-width: 2048px) 100vw, 2048px\" \/>\t\t\t\t\t\t\t\t\t\t\t\t\t\t\t<\/div>\n\t\t\t\t<\/div>\n\t\t\t\t\t<\/div>\n\t\t\t\t<\/div>\n\t\t<div class=\"elementor-element elementor-element-8891d4a e-flex e-con-boxed e-con e-parent\" data-id=\"8891d4a\" data-element_type=\"container\" data-e-type=\"container\">\n\t\t\t\t\t<div class=\"e-con-inner\">\n\t\t\t\t<div class=\"elementor-element elementor-element-7163f7f elementor-widget elementor-widget-heading\" data-id=\"7163f7f\" data-element_type=\"widget\" data-e-type=\"widget\" data-widget_type=\"heading.default\">\n\t\t\t\t<div class=\"elementor-widget-container\">\n\t\t\t\t\t<h2 class=\"elementor-heading-title elementor-size-default\">Rania<\/h2>\t\t\t\t<\/div>\n\t\t\t\t<\/div>\n\t\t\t\t\t<\/div>\n\t\t\t\t<\/div>\n\t\t<div class=\"elementor-element elementor-element-ff522c3 e-flex e-con-boxed e-con e-parent\" data-id=\"ff522c3\" data-element_type=\"container\" data-e-type=\"container\">\n\t\t\t\t\t<div class=\"e-con-inner\">\n\t\t\t\t<div class=\"elementor-element elementor-element-c9a3bd8 elementor-blockquote--skin-quotation elementor-blockquote--align-left elementor-widget elementor-widget-blockquote\" data-id=\"c9a3bd8\" data-element_type=\"widget\" data-e-type=\"widget\" data-widget_type=\"blockquote.default\">\n\t\t\t\t<div class=\"elementor-widget-container\">\n\t\t\t\t\t\t\t<blockquote class=\"elementor-blockquote\">\n\t\t\t<p class=\"elementor-blockquote__content\">\n\t\t\t\tNous voulons un vrai changement. Dans les lois, les structures. Il n\u2019est pas arriv\u00e9 grand-chose jusqu\u2019ici, mais je reste du c\u00f4t\u00e9 des optimistes. J\u2019ai moins peur. Je fais des exp\u00e9riences \u2013 j\u2019ai port\u00e9 une robe courte \u00e0 l\u2019ext\u00e9rieur de la maison! Et je me suis assise \u00e0 c\u00f4t\u00e9 d\u2019un gar\u00e7on l\u2019autre jour. Un policier est venu me dire que ce n\u2019\u00e9tait pas appropri\u00e9, mais il n\u2019y a pas eu d\u2019accusation et il n\u2019\u00e9tait pas agressif. Le ministre de la Justice a dit qu\u2019il avait annul\u00e9 les lois sur l\u2019ordre public (qui r\u00e9gissent les tenues et les comportements ind\u00e9cents). Le peuple \u00e9tait en liesse! Je crois que \u00e7a entra\u00eenera un changement dans la culture. Des gens pourront faire de l\u2019intimidation, mais la loi ne sera pas de leur c\u00f4t\u00e9. \t\t\t<\/p>\n\t\t\t\t\t<\/blockquote>\n\t\t\t\t\t\t<\/div>\n\t\t\t\t<\/div>\n\t\t\t\t\t<\/div>\n\t\t\t\t<\/div>\n\t\t<div class=\"elementor-element elementor-element-1362d37 e-flex e-con-boxed e-con e-parent\" data-id=\"1362d37\" data-element_type=\"container\" data-e-type=\"container\">\n\t\t\t\t\t<div class=\"e-con-inner\">\n\t\t\t\t<div class=\"elementor-element elementor-element-79a694f elementor-widget elementor-widget-text-editor\" data-id=\"79a694f\" data-element_type=\"widget\" data-e-type=\"widget\" data-widget_type=\"text-editor.default\">\n\t\t\t\t<div class=\"elementor-widget-container\">\n\t\t\t\t\t\t\t\t\tCette r\u00e9volution peut changer la vie des gens, particuli\u00e8rement les jeunes femmes. La police et les tribunaux charg\u00e9s de l\u2019ordre public, de plus en plus puissants pendant le r\u00e8gne d\u2019al-Bashir, imposaient syst\u00e9matiquement des amendes ou des flagellations aux femmes dont la tenue et le comportement \u00e9taient jug\u00e9s inappropri\u00e9s. Les filles et les femmes jouissent maintenant d\u2019une libert\u00e9 nouvelle dans la vie de tous les jours.\t\t\t\t\t\t\t\t<\/div>\n\t\t\t\t<\/div>\n\t\t\t\t\t<\/div>\n\t\t\t\t<\/div>\n\t\t<div class=\"elementor-element elementor-element-e2a5bed e-flex e-con-boxed e-con e-parent\" data-id=\"e2a5bed\" data-element_type=\"container\" data-e-type=\"container\">\n\t\t\t\t\t<div class=\"e-con-inner\">\n\t\t\t\t<div class=\"elementor-element elementor-element-244d0e2 elementor-widget elementor-widget-image\" data-id=\"244d0e2\" data-element_type=\"widget\" data-e-type=\"widget\" data-widget_type=\"image.default\">\n\t\t\t\t<div class=\"elementor-widget-container\">\n\t\t\t\t\t\t\t\t\t\t\t\t\t\t\t<img loading=\"lazy\" decoding=\"async\" width=\"2048\" height=\"1536\" src=\"https:\/\/interpares.ca\/wp-content\/uploads\/2026\/08\/9-2020-international-women-day-sudan-revolution-Maaz.jpg\" class=\"attachment-full size-full wp-image-118889\" alt=\"\" srcset=\"https:\/\/interpares.ca\/wp-content\/uploads\/2026\/08\/9-2020-international-women-day-sudan-revolution-Maaz.jpg 2048w, https:\/\/interpares.ca\/wp-content\/uploads\/2026\/08\/9-2020-international-women-day-sudan-revolution-Maaz-300x225.jpg 300w, https:\/\/interpares.ca\/wp-content\/uploads\/2026\/08\/9-2020-international-women-day-sudan-revolution-Maaz-1024x768.jpg 1024w, https:\/\/interpares.ca\/wp-content\/uploads\/2026\/08\/9-2020-international-women-day-sudan-revolution-Maaz-768x576.jpg 768w, https:\/\/interpares.ca\/wp-content\/uploads\/2026\/08\/9-2020-international-women-day-sudan-revolution-Maaz-1536x1152.jpg 1536w\" sizes=\"(max-width: 2048px) 100vw, 2048px\" \/>\t\t\t\t\t\t\t\t\t\t\t\t\t\t\t<\/div>\n\t\t\t\t<\/div>\n\t\t\t\t\t<\/div>\n\t\t\t\t<\/div>\n\t\t<div class=\"elementor-element elementor-element-4fdd0b8 e-flex e-con-boxed e-con e-parent\" data-id=\"4fdd0b8\" data-element_type=\"container\" data-e-type=\"container\">\n\t\t\t\t\t<div class=\"e-con-inner\">\n\t\t\t\t<div class=\"elementor-element elementor-element-3ae173b elementor-widget elementor-widget-heading\" data-id=\"3ae173b\" data-element_type=\"widget\" data-e-type=\"widget\" data-widget_type=\"heading.default\">\n\t\t\t\t<div class=\"elementor-widget-container\">\n\t\t\t\t\t<h2 class=\"elementor-heading-title elementor-size-default\">Maaz<\/h2>\t\t\t\t<\/div>\n\t\t\t\t<\/div>\n\t\t\t\t\t<\/div>\n\t\t\t\t<\/div>\n\t\t<div class=\"elementor-element elementor-element-944bf26 e-flex e-con-boxed e-con e-parent\" data-id=\"944bf26\" data-element_type=\"container\" data-e-type=\"container\">\n\t\t\t\t\t<div class=\"e-con-inner\">\n\t\t\t\t<div class=\"elementor-element elementor-element-c1ef169 elementor-blockquote--skin-quotation elementor-blockquote--align-left elementor-widget elementor-widget-blockquote\" data-id=\"c1ef169\" data-element_type=\"widget\" data-e-type=\"widget\" data-widget_type=\"blockquote.default\">\n\t\t\t\t<div class=\"elementor-widget-container\">\n\t\t\t\t\t\t\t<blockquote class=\"elementor-blockquote\">\n\t\t\t<p class=\"elementor-blockquote__content\">\n\t\t\t\tLe jour du massacre de juin, en route vers le sit-in, je n\u2019ai pas tout de suite r\u00e9alis\u00e9 qu\u2019il se passait quelque chose. Mais en arrivant pr\u00e8s de l\u2019universit\u00e9, j\u2019ai entendu les coups de feu. J\u2019ai fig\u00e9 sur place. Puis je me suis mis \u00e0 courir. Tout le monde courait\u2026 J\u2019ai perdu plusieurs proches. Il faut que cette r\u00e9volution donne quelque chose. C\u2019est difficile de changer apr\u00e8s 30 ans d\u2019oppression, mais il faut donner le temps au nouveau gouvernement. S\u2019il ne fait rien, il sait que les manifestations vont reprendre. Aujourd\u2019hui, j\u2019ai vu des gens s\u2019organiser pour les droits du travail, ouvertement, dans la rue. C\u2019est tout un changement.\t\t\t<\/p>\n\t\t\t\t\t<\/blockquote>\n\t\t\t\t\t\t<\/div>\n\t\t\t\t<\/div>\n\t\t\t\t\t<\/div>\n\t\t\t\t<\/div>\n\t\t<div class=\"elementor-element elementor-element-193c349 e-flex e-con-boxed e-con e-parent\" data-id=\"193c349\" data-element_type=\"container\" data-e-type=\"container\">\n\t\t\t\t\t<div class=\"e-con-inner\">\n\t\t\t\t<div class=\"elementor-element elementor-element-51a95bd elementor-widget elementor-widget-text-editor\" data-id=\"51a95bd\" data-element_type=\"widget\" data-e-type=\"widget\" data-widget_type=\"text-editor.default\">\n\t\t\t\t<div class=\"elementor-widget-container\">\n\t\t\t\t\t\t\t\t\t<p>Maaz est membre de <a href=\"https:\/\/interpares.ca\/fr\/counterpart\/swrc\/\">SWRC<\/a>, une organisation militante f\u00e9ministe. Il juge important que les hommes jouent le r\u00f4le d\u2019alli\u00e9s dans la lutte pour les droits des femmes. Plusieurs jeunes de tout genre ont particip\u00e9 \u00e0 la r\u00e9volution, risquant leur vie pour changer l\u2019ordre social et politique au Soudan \u2013 et cela englobe les droits des femmes.<\/p>\t\t\t\t\t\t\t\t<\/div>\n\t\t\t\t<\/div>\n\t\t\t\t\t<\/div>\n\t\t\t\t<\/div>\n\t\t<div class=\"elementor-element elementor-element-9e1a820 e-flex e-con-boxed e-con e-parent\" data-id=\"9e1a820\" data-element_type=\"container\" data-e-type=\"container\">\n\t\t\t\t\t<div class=\"e-con-inner\">\n\t\t\t\t<div class=\"elementor-element elementor-element-77fcddc elementor-widget elementor-widget-image\" data-id=\"77fcddc\" data-element_type=\"widget\" data-e-type=\"widget\" data-widget_type=\"image.default\">\n\t\t\t\t<div class=\"elementor-widget-container\">\n\t\t\t\t\t\t\t\t\t\t\t\t\t\t\t<img loading=\"lazy\" decoding=\"async\" width=\"2048\" height=\"1536\" src=\"https:\/\/interpares.ca\/wp-content\/uploads\/2026\/08\/8-2020-international-women-day-sudan-revolution-Zaynab-Mohamed-Ali.jpg\" class=\"attachment-full size-full wp-image-118890\" alt=\"\" srcset=\"https:\/\/interpares.ca\/wp-content\/uploads\/2026\/08\/8-2020-international-women-day-sudan-revolution-Zaynab-Mohamed-Ali.jpg 2048w, https:\/\/interpares.ca\/wp-content\/uploads\/2026\/08\/8-2020-international-women-day-sudan-revolution-Zaynab-Mohamed-Ali-300x225.jpg 300w, https:\/\/interpares.ca\/wp-content\/uploads\/2026\/08\/8-2020-international-women-day-sudan-revolution-Zaynab-Mohamed-Ali-1024x768.jpg 1024w, https:\/\/interpares.ca\/wp-content\/uploads\/2026\/08\/8-2020-international-women-day-sudan-revolution-Zaynab-Mohamed-Ali-768x576.jpg 768w, https:\/\/interpares.ca\/wp-content\/uploads\/2026\/08\/8-2020-international-women-day-sudan-revolution-Zaynab-Mohamed-Ali-1536x1152.jpg 1536w\" sizes=\"(max-width: 2048px) 100vw, 2048px\" \/>\t\t\t\t\t\t\t\t\t\t\t\t\t\t\t<\/div>\n\t\t\t\t<\/div>\n\t\t\t\t\t<\/div>\n\t\t\t\t<\/div>\n\t\t<div class=\"elementor-element elementor-element-940be6f e-flex e-con-boxed e-con e-parent\" data-id=\"940be6f\" data-element_type=\"container\" data-e-type=\"container\">\n\t\t\t\t\t<div class=\"e-con-inner\">\n\t\t\t\t<div class=\"elementor-element elementor-element-f79be3f elementor-widget elementor-widget-heading\" data-id=\"f79be3f\" data-element_type=\"widget\" data-e-type=\"widget\" data-widget_type=\"heading.default\">\n\t\t\t\t<div class=\"elementor-widget-container\">\n\t\t\t\t\t<h2 class=\"elementor-heading-title elementor-size-default\">Zaynab et Mohamed Ali<\/h2>\t\t\t\t<\/div>\n\t\t\t\t<\/div>\n\t\t\t\t\t<\/div>\n\t\t\t\t<\/div>\n\t\t<div class=\"elementor-element elementor-element-41e96a9 e-flex e-con-boxed e-con e-parent\" data-id=\"41e96a9\" data-element_type=\"container\" data-e-type=\"container\">\n\t\t\t\t\t<div class=\"e-con-inner\">\n\t\t\t\t<div class=\"elementor-element elementor-element-88dfe1b elementor-blockquote--skin-quotation elementor-blockquote--align-left elementor-widget elementor-widget-blockquote\" data-id=\"88dfe1b\" data-element_type=\"widget\" data-e-type=\"widget\" data-widget_type=\"blockquote.default\">\n\t\t\t\t<div class=\"elementor-widget-container\">\n\t\t\t\t\t\t\t<blockquote class=\"elementor-blockquote\">\n\t\t\t<p class=\"elementor-blockquote__content\">\n\t\t\t\tC\u2019\u00e9tait le petit matin et nous dormions encore quand Maaz m\u2019a t\u00e9l\u00e9phon\u00e9; il pleurait. Nous vivons tout pr\u00e8s du site de la manif alors nous lui avons dit de venir et d\u2019amener toutes les personnes qui avaient besoin d\u2019aide. Nous avons accueilli tellement de gens, surtout des jeunes, bless\u00e9s et traumatis\u00e9s. Souvent m\u00eame incapables de parler de ce qui \u00e9tait arriv\u00e9. En \u00e9tat de choc. Un jeune s\u2019est mis \u00e0 pleurer, puis un autre, puis un autre. Nous les avons r\u00e9confort\u00e9s de notre mieux. Tout le monde connaissait quelqu\u2019un qui s\u2019\u00e9tait fait tuer, battre ou violer. Avec l\u2019arriv\u00e9e du gouvernement de transition, il faut miser sur le changement possible. Par exemple, le mouvement des femmes a toujours \u00e9t\u00e9 forc\u00e9 de travailler dans la clandestinit\u00e9. \u00c7a fait 30 ans que nous poussons pour ouvrir la porte. Et la porte vient de c\u00e9der tout \u00e0 coup et tout le monde se retrouve par terre, l\u2019un par-dessus l\u2019autre. Il reste un gros travail d\u2019organisation \u00e0 faire. \t\t\t<\/p>\n\t\t\t\t\t<\/blockquote>\n\t\t\t\t\t\t<\/div>\n\t\t\t\t<\/div>\n\t\t\t\t\t<\/div>\n\t\t\t\t<\/div>\n\t\t<div class=\"elementor-element elementor-element-acac733 e-flex e-con-boxed e-con e-parent\" data-id=\"acac733\" data-element_type=\"container\" data-e-type=\"container\">\n\t\t\t\t\t<div class=\"e-con-inner\">\n\t\t\t\t<div class=\"elementor-element elementor-element-d7d2567 elementor-widget elementor-widget-text-editor\" data-id=\"d7d2567\" data-element_type=\"widget\" data-e-type=\"widget\" data-widget_type=\"text-editor.default\">\n\t\t\t\t<div class=\"elementor-widget-container\">\n\t\t\t\t\t\t\t\t\tLe mouvement des femmes au Soudan a une histoire vibrante. Mais sous al-Bashir, il fallait agir de fa\u00e7on strat\u00e9gique et souvent furtive. Les organisations de d\u00e9fense des droits des femmes sont sous-financ\u00e9es et marginalis\u00e9es. Mais elles continuent d\u2019exiger l\u2019acc\u00e8s au pouvoir et \u00e0 la prise de d\u00e9cision. Le Soudan a besoin d\u2019un solide mouvement des femmes pour r\u00e9aliser les demandes explicites de la r\u00e9volution en mati\u00e8re de justice de genre.\t\t\t\t\t\t\t\t<\/div>\n\t\t\t\t<\/div>\n\t\t\t\t\t<\/div>\n\t\t\t\t<\/div>\n\t\t<div class=\"elementor-element elementor-element-f6fd435 e-flex e-con-boxed e-con e-parent\" data-id=\"f6fd435\" data-element_type=\"container\" data-e-type=\"container\">\n\t\t\t\t\t<div class=\"e-con-inner\">\n\t\t\t\t<div class=\"elementor-element elementor-element-8b29b7d elementor-widget elementor-widget-image\" data-id=\"8b29b7d\" data-element_type=\"widget\" data-e-type=\"widget\" data-widget_type=\"image.default\">\n\t\t\t\t<div class=\"elementor-widget-container\">\n\t\t\t\t\t\t\t\t\t\t\t\t\t\t\t<img loading=\"lazy\" decoding=\"async\" width=\"2048\" height=\"1536\" src=\"https:\/\/interpares.ca\/wp-content\/uploads\/2026\/08\/1-2020-international-women-day-sudan-revolution-reem.jpg\" class=\"attachment-full size-full wp-image-118891\" alt=\"\" srcset=\"https:\/\/interpares.ca\/wp-content\/uploads\/2026\/08\/1-2020-international-women-day-sudan-revolution-reem.jpg 2048w, https:\/\/interpares.ca\/wp-content\/uploads\/2026\/08\/1-2020-international-women-day-sudan-revolution-reem-300x225.jpg 300w, https:\/\/interpares.ca\/wp-content\/uploads\/2026\/08\/1-2020-international-women-day-sudan-revolution-reem-1024x768.jpg 1024w, https:\/\/interpares.ca\/wp-content\/uploads\/2026\/08\/1-2020-international-women-day-sudan-revolution-reem-768x576.jpg 768w, https:\/\/interpares.ca\/wp-content\/uploads\/2026\/08\/1-2020-international-women-day-sudan-revolution-reem-1536x1152.jpg 1536w\" sizes=\"(max-width: 2048px) 100vw, 2048px\" \/>\t\t\t\t\t\t\t\t\t\t\t\t\t\t\t<\/div>\n\t\t\t\t<\/div>\n\t\t\t\t\t<\/div>\n\t\t\t\t<\/div>\n\t\t<div class=\"elementor-element elementor-element-eeda0ea e-flex e-con-boxed e-con e-parent\" data-id=\"eeda0ea\" data-element_type=\"container\" data-e-type=\"container\">\n\t\t\t\t\t<div class=\"e-con-inner\">\n\t\t\t\t<div class=\"elementor-element elementor-element-16ac659 elementor-widget elementor-widget-heading\" data-id=\"16ac659\" data-element_type=\"widget\" data-e-type=\"widget\" data-widget_type=\"heading.default\">\n\t\t\t\t<div class=\"elementor-widget-container\">\n\t\t\t\t\t<h2 class=\"elementor-heading-title elementor-size-default\">Reem<\/h2>\t\t\t\t<\/div>\n\t\t\t\t<\/div>\n\t\t\t\t\t<\/div>\n\t\t\t\t<\/div>\n\t\t<div class=\"elementor-element elementor-element-a377de2 e-flex e-con-boxed e-con e-parent\" data-id=\"a377de2\" data-element_type=\"container\" data-e-type=\"container\">\n\t\t\t\t\t<div class=\"e-con-inner\">\n\t\t\t\t<div class=\"elementor-element elementor-element-3e014a5 elementor-blockquote--skin-quotation elementor-blockquote--align-left elementor-widget elementor-widget-blockquote\" data-id=\"3e014a5\" data-element_type=\"widget\" data-e-type=\"widget\" data-widget_type=\"blockquote.default\">\n\t\t\t\t<div class=\"elementor-widget-container\">\n\t\t\t\t\t\t\t<blockquote class=\"elementor-blockquote\">\n\t\t\t<p class=\"elementor-blockquote__content\">\n\t\t\t\tPendant les manifestations, c\u2019\u00e9tait saisissant de voir marcher des femmes divorc\u00e9es, stigmatis\u00e9es au Soudan. C\u2019\u00e9tait aussi tr\u00e8s \u00e9mouvant pour moi. Je surveille le nouveau Soudan pour voir comment les choses vont changer concr\u00e8tement. Par exemple, m\u00eame si le ministre de la Justice a d\u00e9nonc\u00e9 les lois sur l\u2019ordre public, elles sont encore l\u00e0. Et l\u2019infrastructure qui y est reli\u00e9e \u2013 police, tribunaux sp\u00e9ciaux, amendes, prisons \u2013 est toujours en place. Il y a des int\u00e9r\u00eats financiers derri\u00e8re ces lois sur l\u2019ordre public. Quand on parle de l\u2019\u00c9tat souterrain, c\u2019est de ces int\u00e9r\u00eats personnels que l\u2019on parle. Je veux savoir comment la question sera abord\u00e9e. \u00c7a ne sera pas facile.\t\t\t<\/p>\n\t\t\t\t\t<\/blockquote>\n\t\t\t\t\t\t<\/div>\n\t\t\t\t<\/div>\n\t\t\t\t\t<\/div>\n\t\t\t\t<\/div>\n\t\t<div class=\"elementor-element elementor-element-34b9a8b e-flex e-con-boxed e-con e-parent\" data-id=\"34b9a8b\" data-element_type=\"container\" data-e-type=\"container\">\n\t\t\t\t\t<div class=\"e-con-inner\">\n\t\t\t\t<div class=\"elementor-element elementor-element-52e9031 elementor-widget elementor-widget-text-editor\" data-id=\"52e9031\" data-element_type=\"widget\" data-e-type=\"widget\" data-widget_type=\"text-editor.default\">\n\t\t\t\t<div class=\"elementor-widget-container\">\n\t\t\t\t\t\t\t\t\t<p>Le Soudan doit relever d\u2019immenses d\u00e9fis sur le plan \u00e9conomique, politique et social. Des int\u00e9r\u00eats militaires, politiques et commerciaux s\u2019opposent toujours au partage du pouvoir et de la richesse avec la vaste majorit\u00e9 des habitants, dont plusieurs vivent dans la pauvret\u00e9 et sont priv\u00e9s de services de qualit\u00e9 en sant\u00e9 et en \u00e9ducation. Malgr\u00e9 tout, la d\u00e9termination des activistes pour les droits des femmes donne l\u2019espoir que le changement pacifique se poursuivra partout au Soudan. Inter Pares s\u2019engage \u00e0 soutenir ce changement \u00e0 long terme.<\/p>\t\t\t\t\t\t\t\t<\/div>\n\t\t\t\t<\/div>\n\t\t\t\t<div class=\"elementor-element elementor-element-90e417a elementor-widget elementor-widget-heading\" data-id=\"90e417a\" data-element_type=\"widget\" data-e-type=\"widget\" data-widget_type=\"heading.default\">\n\t\t\t\t<div class=\"elementor-widget-container\">\n\t\t\t\t\t<h2 class=\"elementor-heading-title elementor-size-default\">Dans les rues de Khartoum, des murales sous le signe de la luttle et de l'espoir t\u00e9moignent de la r\u00e9volution au Soudan.<\/h2>\t\t\t\t<\/div>\n\t\t\t\t<\/div>\n\t\t\t\t<div class=\"elementor-element elementor-element-17a2564 elementor-widget elementor-widget-the7_photo-scroller\" data-id=\"17a2564\" data-element_type=\"widget\" data-e-type=\"widget\" data-widget_type=\"the7_photo-scroller.default\">\n\t\t\t\t<div class=\"elementor-widget-container\">\n\t\t\t\t\t\t\t<div class=\"photo-scroller the7_photo-scroller-17a2564 fullscreen-on hide-thumbs\" data-scale=\"fill\" data-autoslide=\"false\" data-play-on-hover=\"false\" data-delay=\"5000\" data-show-thumbnails=\"true\" data-thumb-position=\"inside-hidden\" data-thumb-height=\"60\" data-thumb-width=\"60\" data-thumb-space=\"5\" data-thumb-padding-top=\"5\" data-thumb-padding-bottom=\"5\" data-cntr-space-bottom=\"5\" data-transparency=\"0.15\" data-arrows=\"true\" data-arrows_tablet=\"true\" data-arrows_mobile=\"true\" data-next-icon=\"fas fa-chevron-right\" data-prev-icon=\"fas fa-chevron-left\" data-r-arrow-v-position=\"center\" data-r-arrow-h-position=\"right\" data-l-arrow-v-position=\"center\" data-l-arrow-h-position=\"left\" data-ls-fill-dt=\"fill\" data-ls-fill-tablet=\"fill\" data-pt-fill-dt=\"fit\" data-pt-fill-tablet=\"fit\" data-pt-fill-mob=\"fit\" data-ls-fill-mob=\"fill\" data-padding-top=\"0\" data-padding-bottom=\"0\" data-padding-side=\"0\" data-padding-left=\"0\" data-t-padding-top=\"0\" data-t-padding-bottom=\"0\" data-t-padding-side=\"0\" data-t-padding-left=\"0\" data-m-padding-top=\"0\" data-m-padding-bottom=\"0\" data-m-padding-side=\"0\" data-m-padding-left=\"0\" data-ls-max=\"100\" data-t-ls-max=\"100\" data-m-ls-max=\"100\" data-ls-min=\"0\" data-t-ls-min=\"0\" data-m-ls-min=\"0\" data-pt-max=\"100\" data-t-pt-max=\"100\" data-m-pt-max=\"100\" data-pt-min=\"0\" data-t-pt-min=\"0\" data-m-pt-min=\"0\" data-height=\"300\" data-tablet-height=\"300\" data-mobile-height=\"300\">\n\t\t\t<div class=\"photoSlider \">\n\t\t\t\t<figure data-width=\"2048\" data-height=\"1365\"><a href=\" https:\/\/interpares.ca\/wp-content\/uploads\/2026\/08\/7-2020-international-women-day-sudan-revolution-khartoum-1.jpg \"<a href=\"https:\/\/interpares.ca\/wp-content\/uploads\/2026\/08\/7-2020-international-women-day-sudan-revolution-khartoum-1.jpg\" class=\"post-thumbnail-rollover layzr-bg\" title=\"7-2020-international-women-day-sudan-revolution-khartoum-1\"  aria-label=\"Image article\"><img decoding=\"async\" src=\"data:image\/svg+xml,%3Csvg%20xmlns%3D&#39;http%3A%2F%2Fwww.w3.org%2F2000%2Fsvg&#39;%20viewBox%3D&#39;0%200%202048%201365&#39;%2F%3E\" data-src=\"https:\/\/interpares.ca\/wp-content\/uploads\/2026\/08\/7-2020-international-women-day-sudan-revolution-khartoum-1.jpg\" data-srcset=\"https:\/\/interpares.ca\/wp-content\/uploads\/2026\/08\/7-2020-international-women-day-sudan-revolution-khartoum-1.jpg 2048w\" loading=\"eager\" style=\"--ratio: 2048 \/ 1365\" sizes=\"(max-width: 2048px) 100vw, 2048px\" class=\"preload-me photo-thumb-lazy-load aspect\" width=\"2048\" height=\"1365\"  alt=\"\" title=\"7-2020-international-women-day-sudan-revolution-khartoum-1\" \/><\/a><\/a><\/figure><figure data-width=\"2048\" data-height=\"1365\"><a href=\" https:\/\/interpares.ca\/wp-content\/uploads\/2026\/08\/6-2020-international-women-day-sudan-revolution-khartoum-3.jpg \"<a href=\"https:\/\/interpares.ca\/wp-content\/uploads\/2026\/08\/6-2020-international-women-day-sudan-revolution-khartoum-3.jpg\" class=\"post-thumbnail-rollover layzr-bg\" title=\"6-2020-international-women-day-sudan-revolution-khartoum-3\"  aria-label=\"Image article\"><img decoding=\"async\" src=\"data:image\/svg+xml,%3Csvg%20xmlns%3D&#39;http%3A%2F%2Fwww.w3.org%2F2000%2Fsvg&#39;%20viewBox%3D&#39;0%200%202048%201365&#39;%2F%3E\" data-src=\"https:\/\/interpares.ca\/wp-content\/uploads\/2026\/08\/6-2020-international-women-day-sudan-revolution-khartoum-3.jpg\" data-srcset=\"https:\/\/interpares.ca\/wp-content\/uploads\/2026\/08\/6-2020-international-women-day-sudan-revolution-khartoum-3.jpg 2048w\" loading=\"eager\" style=\"--ratio: 2048 \/ 1365\" sizes=\"(max-width: 2048px) 100vw, 2048px\" class=\"preload-me photo-thumb-lazy-load aspect\" width=\"2048\" height=\"1365\"  alt=\"\" title=\"6-2020-international-women-day-sudan-revolution-khartoum-3\" \/><\/a><\/a><\/figure><figure data-width=\"2048\" data-height=\"1365\"><a href=\" https:\/\/interpares.ca\/wp-content\/uploads\/2026\/08\/5-2020-international-women-day-sudan-revolution-khartoum-4.jpg \"<a href=\"https:\/\/interpares.ca\/wp-content\/uploads\/2026\/08\/5-2020-international-women-day-sudan-revolution-khartoum-4.jpg\" class=\"post-thumbnail-rollover layzr-bg\" title=\"5-2020-international-women-day-sudan-revolution-khartoum-4\"  aria-label=\"Image article\"><img decoding=\"async\" src=\"data:image\/svg+xml,%3Csvg%20xmlns%3D&#39;http%3A%2F%2Fwww.w3.org%2F2000%2Fsvg&#39;%20viewBox%3D&#39;0%200%202048%201365&#39;%2F%3E\" data-src=\"https:\/\/interpares.ca\/wp-content\/uploads\/2026\/08\/5-2020-international-women-day-sudan-revolution-khartoum-4.jpg\" data-srcset=\"https:\/\/interpares.ca\/wp-content\/uploads\/2026\/08\/5-2020-international-women-day-sudan-revolution-khartoum-4.jpg 2048w\" loading=\"eager\" style=\"--ratio: 2048 \/ 1365\" sizes=\"(max-width: 2048px) 100vw, 2048px\" class=\"preload-me photo-thumb-lazy-load aspect\" width=\"2048\" height=\"1365\"  alt=\"\" title=\"5-2020-international-women-day-sudan-revolution-khartoum-4\" \/><\/a><\/a><\/figure><figure data-width=\"2048\" data-height=\"1667\"><a href=\" https:\/\/interpares.ca\/wp-content\/uploads\/2026\/08\/4-2020-international-women-day-sudan-revolution-khartoum-6.jpg \"<a href=\"https:\/\/interpares.ca\/wp-content\/uploads\/2026\/08\/4-2020-international-women-day-sudan-revolution-khartoum-6.jpg\" class=\"post-thumbnail-rollover layzr-bg\" title=\"4-2020-international-women-day-sudan-revolution-khartoum-6\"  aria-label=\"Image article\"><img decoding=\"async\" src=\"data:image\/svg+xml,%3Csvg%20xmlns%3D&#39;http%3A%2F%2Fwww.w3.org%2F2000%2Fsvg&#39;%20viewBox%3D&#39;0%200%202048%201667&#39;%2F%3E\" data-src=\"https:\/\/interpares.ca\/wp-content\/uploads\/2026\/08\/4-2020-international-women-day-sudan-revolution-khartoum-6.jpg\" data-srcset=\"https:\/\/interpares.ca\/wp-content\/uploads\/2026\/08\/4-2020-international-women-day-sudan-revolution-khartoum-6.jpg 2048w\" loading=\"eager\" style=\"--ratio: 2048 \/ 1667\" sizes=\"(max-width: 2048px) 100vw, 2048px\" class=\"preload-me photo-thumb-lazy-load aspect\" width=\"2048\" height=\"1667\"  alt=\"\" title=\"4-2020-international-women-day-sudan-revolution-khartoum-6\" \/><\/a><\/a><\/figure><figure data-width=\"2048\" data-height=\"1365\"><a href=\" https:\/\/interpares.ca\/wp-content\/uploads\/2026\/08\/3-2020-international-women-day-sudan-revolution-khartoum-2.jpg \"<a href=\"https:\/\/interpares.ca\/wp-content\/uploads\/2026\/08\/3-2020-international-women-day-sudan-revolution-khartoum-2.jpg\" class=\"post-thumbnail-rollover layzr-bg\" title=\"3-2020-international-women-day-sudan-revolution-khartoum-2\"  aria-label=\"Image article\"><img decoding=\"async\" src=\"data:image\/svg+xml,%3Csvg%20xmlns%3D&#39;http%3A%2F%2Fwww.w3.org%2F2000%2Fsvg&#39;%20viewBox%3D&#39;0%200%202048%201365&#39;%2F%3E\" data-src=\"https:\/\/interpares.ca\/wp-content\/uploads\/2026\/08\/3-2020-international-women-day-sudan-revolution-khartoum-2.jpg\" data-srcset=\"https:\/\/interpares.ca\/wp-content\/uploads\/2026\/08\/3-2020-international-women-day-sudan-revolution-khartoum-2.jpg 2048w\" loading=\"eager\" style=\"--ratio: 2048 \/ 1365\" sizes=\"(max-width: 2048px) 100vw, 2048px\" class=\"preload-me photo-thumb-lazy-load aspect\" width=\"2048\" height=\"1365\"  alt=\"\" title=\"3-2020-international-women-day-sudan-revolution-khartoum-2\" \/><\/a><\/a><\/figure>\t\t\t<\/div>\n\t\t\t<div class=\"btn-cntr\">\n\t\t\t\t<a href=\"#\" class=\"hide-thumb-btn\"><\/a>\n\t\t\t\t<a href=\"#\" class=\"auto-play-btn\"><\/a>\n\t\t\t\t<a href=\"#\" class=\"full-screen-btn\"><\/a>\n\t\t\t<\/div>\n\t\t\t<div class=\"scroller-arrow prev\" role=\"button\" tabindex=\"0\" aria-label=\"Prev slide\"><svg aria-hidden=\"true\" class=\"e-font-icon-svg e-fas-chevron-left\" viewBox=\"0 0 320 512\" xmlns=\"http:\/\/www.w3.org\/2000\/svg\"><path d=\"M34.52 239.03L228.87 44.69c9.37-9.37 24.57-9.37 33.94 0l22.67 22.67c9.36 9.36 9.37 24.52.04 33.9L131.49 256l154.02 154.75c9.34 9.38 9.32 24.54-.04 33.9l-22.67 22.67c-9.37 9.37-24.57 9.37-33.94 0L34.52 272.97c-9.37-9.37-9.37-24.57 0-33.94z\"><\/path><\/svg><\/div>\n\t\t\t<div class=\"scroller-arrow next\"  role=\"button\" tabindex=\"0\" aria-label=\"Next slide\"><svg aria-hidden=\"true\" class=\"e-font-icon-svg e-fas-chevron-right\" viewBox=\"0 0 320 512\" xmlns=\"http:\/\/www.w3.org\/2000\/svg\"><path d=\"M285.476 272.971L91.132 467.314c-9.373 9.373-24.569 9.373-33.941 0l-22.667-22.667c-9.357-9.357-9.375-24.522-.04-33.901L188.505 256 34.484 101.255c-9.335-9.379-9.317-24.544.04-33.901l22.667-22.667c9.373-9.373 24.569-9.373 33.941 0L285.475 239.03c9.373 9.372 9.373 24.568.001 33.941z\"><\/path><\/svg><\/div>\n\t\t<\/div>\n\t\t\t\t\t\t<\/div>\n\t\t\t\t<\/div>\n\t\t\t\t<div class=\"elementor-element elementor-element-5ba0ac3 elementor-widget-divider--view-line elementor-widget elementor-widget-divider\" data-id=\"5ba0ac3\" data-element_type=\"widget\" data-e-type=\"widget\" data-widget_type=\"divider.default\">\n\t\t\t\t<div class=\"elementor-widget-container\">\n\t\t\t\t\t\t\t<div class=\"elementor-divider\">\n\t\t\t<span class=\"elementor-divider-separator\">\n\t\t\t\t\t\t<\/span>\n\t\t<\/div>\n\t\t\t\t\t\t<\/div>\n\t\t\t\t<\/div>\n\t\t\t\t<div class=\"elementor-element elementor-element-019d711 elementor-widget elementor-widget-text-editor\" data-id=\"019d711\" data-element_type=\"widget\" data-e-type=\"widget\" data-widget_type=\"text-editor.default\">\n\t\t\t\t<div class=\"elementor-widget-container\">\n\t\t\t\t\t\t\t\t\tInter Pares remercie SWRC, SORD et l\u2019ensemble des femmes et des hommes qui ont racont\u00e9 leur courageuse participation \u00e0 la r\u00e9volution.\t\t\t\t\t\t\t\t<\/div>\n\t\t\t\t<\/div>\n\t\t\t\t\t<\/div>\n\t\t\t\t<\/div>\n\t\t<div class=\"elementor-element elementor-element-2272ce3 e-con-full e-flex e-con e-child\" data-id=\"2272ce3\" data-element_type=\"container\" data-e-type=\"container\" data-settings=\"{&quot;background_background&quot;:&quot;classic&quot;}\">\n\t\t<div class=\"elementor-element elementor-element-34f5fc5 e-flex e-con-boxed e-con e-child\" data-id=\"34f5fc5\" data-element_type=\"container\" data-e-type=\"container\" data-settings=\"{&quot;background_background&quot;:&quot;gradient&quot;}\">\n\t\t\t\t\t<div class=\"e-con-inner\">\n\t\t<div class=\"elementor-element elementor-element-87d3fce e-con-fit e-flex e-con e-child\" data-id=\"87d3fce\" data-element_type=\"container\" data-e-type=\"container\">\n\t\t\t\t<div class=\"elementor-element elementor-element-8973afb elementor-widget elementor-widget-text-editor\" data-id=\"8973afb\" data-element_type=\"widget\" data-e-type=\"widget\" data-widget_type=\"text-editor.default\">\n\t\t\t\t<div class=\"elementor-widget-container\">\n\t\t\t\t\t\t\t\t\t<p><span style=\"color: #000000;\">Inter Pares tient \u00e0 remercier Affaires mondiales Canada pour son soutien financier au programme Impulser la sant\u00e9 et les droits sexuels et reproductifs.<br \/><\/span><\/p>\t\t\t\t\t\t\t\t<\/div>\n\t\t\t\t<\/div>\n\t\t\t\t<\/div>\n\t\t<div class=\"elementor-element elementor-element-01717e0 e-con-fit e-flex e-con e-child\" data-id=\"01717e0\" data-element_type=\"container\" data-e-type=\"container\">\n\t\t\t\t<div class=\"elementor-element elementor-element-95329dd content-align-center preserve-img-ratio-contain the7-hover-visibility-disabled transform-overlay-yes exceeding-frame-yes elementor-widget elementor-widget-the7-image-widget\" data-id=\"95329dd\" data-element_type=\"widget\" data-e-type=\"widget\" data-settings=\"{&quot;hover_visibility&quot;:&quot;disabled&quot;}\" data-widget_type=\"the7-image-widget.default\">\n\t\t\t\t<div class=\"elementor-widget-container\">\n\t\t\t\t\t<div class=\"the7-image-container\"><div class=\"the7-image-wrapper the7-elementor-widget the7-transform-container\"><div class=\"post-thumbnail-rollover layzr-bg img-css-resize-wrapper\"><img decoding=\"async\" width=\"750\" height=\"263\" src=\"data:image\/svg+xml,%3Csvg%20xmlns%3D&#039;http%3A%2F%2Fwww.w3.org%2F2000%2Fsvg&#039;%20viewBox%3D&#039;0%200%201%201&#039;%2F%3E\" class=\"attachment-large size-large preload-me aspect lazy lazy-load\" alt=\"\" sizes=\"(max-width: 750px) 100vw, 750px\" data-src=\"https:\/\/interpares.ca\/wp-content\/uploads\/2026\/07\/partners-partenaires-colors-fr.png\" loading=\"eager\" data-srcset=\"https:\/\/interpares.ca\/wp-content\/uploads\/2026\/07\/partners-partenaires-colors-fr.png 750w, https:\/\/interpares.ca\/wp-content\/uploads\/2026\/07\/partners-partenaires-colors-fr-300x105.png 300w\" \/><\/div><\/div><\/div>\t\t\t\t<\/div>\n\t\t\t\t<\/div>\n\t\t\t\t<\/div>\n\t\t\t\t\t<\/div>\n\t\t\t\t<\/div>\n\t\t\t\t<\/div>\n\t\t\t\t<\/div>\n\t\t","protected":false},"excerpt":{"rendered":"<p>Pour c\u00e9l\u00e9brer la Journ\u00e9e internationale de la femme, nous vous partageons des r\u00e9cits de r\u00e9sistance du soul\u00e8vement au Soudan en 2019.<\/p>\n","protected":false},"author":3,"featured_media":13983,"comment_status":"closed","ping_status":"closed","sticky":false,"template":"","format":"standard","meta":{"_acf_changed":false,"footnotes":""},"categories":[1006],"tags":[],"ptype":[1069],"resource_type":[],"regions":[1105,508],"issues":[1103,1099,506],"class_list":["post-13984","post","type-post","status-publish","format-standard","has-post-thumbnail","hentry","category-non-categorise","ptype-nouvelles","regions-soudan","regions-sudan","issues-justice-de-genre-et-droits-des-femmes","issues-paix-et-democratie","issues-peacedemocracy"],"acf":[],"yoast_head":"<!-- This site is optimized with the Yoast SEO plugin v28.1 - https:\/\/yoast.com\/product\/yoast-seo-wordpress\/ -->\n<title>Les femmes du Soudan : \u00c9tincelles de la r\u00e9volution, cr\u00e9atrices du changement - Inter Pares<\/title>\n<meta name=\"robots\" content=\"index, follow, max-snippet:-1, max-image-preview:large, max-video-preview:-1\" \/>\n<link rel=\"canonical\" href=\"https:\/\/interpares.ca\/fr\/les-femmes-du-soudan-etincelles-de-la-revolution-creatrices-du-changement\/\" \/>\n<meta property=\"og:locale\" content=\"fr_FR\" \/>\n<meta property=\"og:type\" content=\"article\" \/>\n<meta property=\"og:title\" content=\"Les femmes du Soudan : \u00c9tincelles de la r\u00e9volution, cr\u00e9atrices du changement - Inter Pares\" \/>\n<meta property=\"og:description\" content=\"Pour c\u00e9l\u00e9brer la Journ\u00e9e internationale de la femme, nous vous partageons des r\u00e9cits de r\u00e9sistance du soul\u00e8vement au Soudan en 2019.\" \/>\n<meta property=\"og:url\" content=\"https:\/\/interpares.ca\/fr\/les-femmes-du-soudan-etincelles-de-la-revolution-creatrices-du-changement\/\" \/>\n<meta property=\"og:site_name\" content=\"Inter Pares\" \/>\n<meta property=\"article:published_time\" content=\"2020-03-06T20:16:18+00:00\" \/>\n<meta property=\"article:modified_time\" content=\"2026-08-12T14:35:21+00:00\" \/>\n<meta property=\"og:image\" content=\"https:\/\/interpares.ca\/wp-content\/uploads\/2020\/03\/women_of_sudan_900x600.png\" \/>\n\t<meta property=\"og:image:width\" content=\"900\" \/>\n\t<meta property=\"og:image:height\" content=\"600\" \/>\n\t<meta property=\"og:image:type\" content=\"image\/png\" \/>\n<meta name=\"author\" content=\"Keyur Patel\" \/>\n<meta name=\"twitter:card\" content=\"summary_large_image\" \/>\n<meta name=\"twitter:label1\" content=\"\u00c9crit par\" \/>\n\t<meta name=\"twitter:data1\" content=\"Keyur Patel\" \/>\n\t<meta name=\"twitter:label2\" content=\"Dur\u00e9e de lecture estim\u00e9e\" \/>\n\t<meta name=\"twitter:data2\" content=\"11 minutes\" \/>\n<script type=\"application\/ld+json\" class=\"yoast-schema-graph\">{\"@context\":\"https:\\\/\\\/schema.org\",\"@graph\":[{\"@type\":\"Article\",\"@id\":\"https:\\\/\\\/interpares.ca\\\/fr\\\/les-femmes-du-soudan-etincelles-de-la-revolution-creatrices-du-changement\\\/#article\",\"isPartOf\":{\"@id\":\"https:\\\/\\\/interpares.ca\\\/fr\\\/les-femmes-du-soudan-etincelles-de-la-revolution-creatrices-du-changement\\\/\"},\"author\":{\"name\":\"Keyur Patel\",\"@id\":\"https:\\\/\\\/interpares.ca\\\/#\\\/schema\\\/person\\\/a0f53105a07cc53858c20dd163334e9c\"},\"headline\":\"Les femmes du Soudan : \u00c9tincelles de la r\u00e9volution, cr\u00e9atrices du changement\",\"datePublished\":\"2020-03-06T20:16:18+00:00\",\"dateModified\":\"2026-08-12T14:35:21+00:00\",\"mainEntityOfPage\":{\"@id\":\"https:\\\/\\\/interpares.ca\\\/fr\\\/les-femmes-du-soudan-etincelles-de-la-revolution-creatrices-du-changement\\\/\"},\"wordCount\":3218,\"image\":{\"@id\":\"https:\\\/\\\/interpares.ca\\\/fr\\\/les-femmes-du-soudan-etincelles-de-la-revolution-creatrices-du-changement\\\/#primaryimage\"},\"thumbnailUrl\":\"https:\\\/\\\/interpares.ca\\\/wp-content\\\/uploads\\\/2020\\\/03\\\/women_of_sudan_900x600.png\",\"articleSection\":[\"Non cat\u00e9goris\u00e9\"],\"inLanguage\":\"fr-FR\"},{\"@type\":\"WebPage\",\"@id\":\"https:\\\/\\\/interpares.ca\\\/fr\\\/les-femmes-du-soudan-etincelles-de-la-revolution-creatrices-du-changement\\\/\",\"url\":\"https:\\\/\\\/interpares.ca\\\/fr\\\/les-femmes-du-soudan-etincelles-de-la-revolution-creatrices-du-changement\\\/\",\"name\":\"Les femmes du Soudan : \u00c9tincelles de la r\u00e9volution, cr\u00e9atrices du changement - Inter Pares\",\"isPartOf\":{\"@id\":\"https:\\\/\\\/interpares.ca\\\/#website\"},\"primaryImageOfPage\":{\"@id\":\"https:\\\/\\\/interpares.ca\\\/fr\\\/les-femmes-du-soudan-etincelles-de-la-revolution-creatrices-du-changement\\\/#primaryimage\"},\"image\":{\"@id\":\"https:\\\/\\\/interpares.ca\\\/fr\\\/les-femmes-du-soudan-etincelles-de-la-revolution-creatrices-du-changement\\\/#primaryimage\"},\"thumbnailUrl\":\"https:\\\/\\\/interpares.ca\\\/wp-content\\\/uploads\\\/2020\\\/03\\\/women_of_sudan_900x600.png\",\"datePublished\":\"2020-03-06T20:16:18+00:00\",\"dateModified\":\"2026-08-12T14:35:21+00:00\",\"author\":{\"@id\":\"https:\\\/\\\/interpares.ca\\\/#\\\/schema\\\/person\\\/a0f53105a07cc53858c20dd163334e9c\"},\"breadcrumb\":{\"@id\":\"https:\\\/\\\/interpares.ca\\\/fr\\\/les-femmes-du-soudan-etincelles-de-la-revolution-creatrices-du-changement\\\/#breadcrumb\"},\"inLanguage\":\"fr-FR\",\"potentialAction\":[{\"@type\":\"ReadAction\",\"target\":[\"https:\\\/\\\/interpares.ca\\\/fr\\\/les-femmes-du-soudan-etincelles-de-la-revolution-creatrices-du-changement\\\/\"]}]},{\"@type\":\"ImageObject\",\"inLanguage\":\"fr-FR\",\"@id\":\"https:\\\/\\\/interpares.ca\\\/fr\\\/les-femmes-du-soudan-etincelles-de-la-revolution-creatrices-du-changement\\\/#primaryimage\",\"url\":\"https:\\\/\\\/interpares.ca\\\/wp-content\\\/uploads\\\/2020\\\/03\\\/women_of_sudan_900x600.png\",\"contentUrl\":\"https:\\\/\\\/interpares.ca\\\/wp-content\\\/uploads\\\/2020\\\/03\\\/women_of_sudan_900x600.png\",\"width\":900,\"height\":600,\"caption\":\"women_of_sudan_900x600\"},{\"@type\":\"BreadcrumbList\",\"@id\":\"https:\\\/\\\/interpares.ca\\\/fr\\\/les-femmes-du-soudan-etincelles-de-la-revolution-creatrices-du-changement\\\/#breadcrumb\",\"itemListElement\":[{\"@type\":\"ListItem\",\"position\":1,\"name\":\"Home\",\"item\":\"https:\\\/\\\/interpares.ca\\\/fr\\\/\"},{\"@type\":\"ListItem\",\"position\":2,\"name\":\"Les femmes du Soudan : \u00c9tincelles de la r\u00e9volution, cr\u00e9atrices du changement\"}]},{\"@type\":\"WebSite\",\"@id\":\"https:\\\/\\\/interpares.ca\\\/#website\",\"url\":\"https:\\\/\\\/interpares.ca\\\/\",\"name\":\"Inter Pares\",\"description\":\"\",\"potentialAction\":[{\"@type\":\"SearchAction\",\"target\":{\"@type\":\"EntryPoint\",\"urlTemplate\":\"https:\\\/\\\/interpares.ca\\\/?s={search_term_string}\"},\"query-input\":{\"@type\":\"PropertyValueSpecification\",\"valueRequired\":true,\"valueName\":\"search_term_string\"}}],\"inLanguage\":\"fr-FR\"},{\"@type\":\"Person\",\"@id\":\"https:\\\/\\\/interpares.ca\\\/#\\\/schema\\\/person\\\/a0f53105a07cc53858c20dd163334e9c\",\"name\":\"Keyur Patel\",\"image\":{\"@type\":\"ImageObject\",\"inLanguage\":\"fr-FR\",\"@id\":\"https:\\\/\\\/secure.gravatar.com\\\/avatar\\\/1b250a2bf4f127c97ce3fc433b869f2679cf64705d7b2d3b6565ac9d04df5125?s=96&d=mm&r=g\",\"url\":\"https:\\\/\\\/secure.gravatar.com\\\/avatar\\\/1b250a2bf4f127c97ce3fc433b869f2679cf64705d7b2d3b6565ac9d04df5125?s=96&d=mm&r=g\",\"contentUrl\":\"https:\\\/\\\/secure.gravatar.com\\\/avatar\\\/1b250a2bf4f127c97ce3fc433b869f2679cf64705d7b2d3b6565ac9d04df5125?s=96&d=mm&r=g\",\"caption\":\"Keyur Patel\"},\"url\":\"https:\\\/\\\/interpares.ca\\\/fr\\\/author\\\/keyur\\\/\"}]}<\/script>\n<!-- \/ Yoast SEO plugin. -->","yoast_head_json":{"title":"Les femmes du Soudan : \u00c9tincelles de la r\u00e9volution, cr\u00e9atrices du changement - Inter Pares","robots":{"index":"index","follow":"follow","max-snippet":"max-snippet:-1","max-image-preview":"max-image-preview:large","max-video-preview":"max-video-preview:-1"},"canonical":"https:\/\/interpares.ca\/fr\/les-femmes-du-soudan-etincelles-de-la-revolution-creatrices-du-changement\/","og_locale":"fr_FR","og_type":"article","og_title":"Les femmes du Soudan : \u00c9tincelles de la r\u00e9volution, cr\u00e9atrices du changement - Inter Pares","og_description":"Pour c\u00e9l\u00e9brer la Journ\u00e9e internationale de la femme, nous vous partageons des r\u00e9cits de r\u00e9sistance du soul\u00e8vement au Soudan en 2019.","og_url":"https:\/\/interpares.ca\/fr\/les-femmes-du-soudan-etincelles-de-la-revolution-creatrices-du-changement\/","og_site_name":"Inter Pares","article_published_time":"2020-03-06T20:16:18+00:00","article_modified_time":"2026-08-12T14:35:21+00:00","og_image":[{"width":900,"height":600,"url":"https:\/\/interpares.ca\/wp-content\/uploads\/2020\/03\/women_of_sudan_900x600.png","type":"image\/png"}],"author":"Keyur Patel","twitter_card":"summary_large_image","twitter_misc":{"\u00c9crit par":"Keyur Patel","Dur\u00e9e de lecture estim\u00e9e":"11 minutes"},"schema":{"@context":"https:\/\/schema.org","@graph":[{"@type":"Article","@id":"https:\/\/interpares.ca\/fr\/les-femmes-du-soudan-etincelles-de-la-revolution-creatrices-du-changement\/#article","isPartOf":{"@id":"https:\/\/interpares.ca\/fr\/les-femmes-du-soudan-etincelles-de-la-revolution-creatrices-du-changement\/"},"author":{"name":"Keyur Patel","@id":"https:\/\/interpares.ca\/#\/schema\/person\/a0f53105a07cc53858c20dd163334e9c"},"headline":"Les femmes du Soudan : \u00c9tincelles de la r\u00e9volution, cr\u00e9atrices du changement","datePublished":"2020-03-06T20:16:18+00:00","dateModified":"2026-08-12T14:35:21+00:00","mainEntityOfPage":{"@id":"https:\/\/interpares.ca\/fr\/les-femmes-du-soudan-etincelles-de-la-revolution-creatrices-du-changement\/"},"wordCount":3218,"image":{"@id":"https:\/\/interpares.ca\/fr\/les-femmes-du-soudan-etincelles-de-la-revolution-creatrices-du-changement\/#primaryimage"},"thumbnailUrl":"https:\/\/interpares.ca\/wp-content\/uploads\/2020\/03\/women_of_sudan_900x600.png","articleSection":["Non cat\u00e9goris\u00e9"],"inLanguage":"fr-FR"},{"@type":"WebPage","@id":"https:\/\/interpares.ca\/fr\/les-femmes-du-soudan-etincelles-de-la-revolution-creatrices-du-changement\/","url":"https:\/\/interpares.ca\/fr\/les-femmes-du-soudan-etincelles-de-la-revolution-creatrices-du-changement\/","name":"Les femmes du Soudan : \u00c9tincelles de la r\u00e9volution, cr\u00e9atrices du changement - Inter Pares","isPartOf":{"@id":"https:\/\/interpares.ca\/#website"},"primaryImageOfPage":{"@id":"https:\/\/interpares.ca\/fr\/les-femmes-du-soudan-etincelles-de-la-revolution-creatrices-du-changement\/#primaryimage"},"image":{"@id":"https:\/\/interpares.ca\/fr\/les-femmes-du-soudan-etincelles-de-la-revolution-creatrices-du-changement\/#primaryimage"},"thumbnailUrl":"https:\/\/interpares.ca\/wp-content\/uploads\/2020\/03\/women_of_sudan_900x600.png","datePublished":"2020-03-06T20:16:18+00:00","dateModified":"2026-08-12T14:35:21+00:00","author":{"@id":"https:\/\/interpares.ca\/#\/schema\/person\/a0f53105a07cc53858c20dd163334e9c"},"breadcrumb":{"@id":"https:\/\/interpares.ca\/fr\/les-femmes-du-soudan-etincelles-de-la-revolution-creatrices-du-changement\/#breadcrumb"},"inLanguage":"fr-FR","potentialAction":[{"@type":"ReadAction","target":["https:\/\/interpares.ca\/fr\/les-femmes-du-soudan-etincelles-de-la-revolution-creatrices-du-changement\/"]}]},{"@type":"ImageObject","inLanguage":"fr-FR","@id":"https:\/\/interpares.ca\/fr\/les-femmes-du-soudan-etincelles-de-la-revolution-creatrices-du-changement\/#primaryimage","url":"https:\/\/interpares.ca\/wp-content\/uploads\/2020\/03\/women_of_sudan_900x600.png","contentUrl":"https:\/\/interpares.ca\/wp-content\/uploads\/2020\/03\/women_of_sudan_900x600.png","width":900,"height":600,"caption":"women_of_sudan_900x600"},{"@type":"BreadcrumbList","@id":"https:\/\/interpares.ca\/fr\/les-femmes-du-soudan-etincelles-de-la-revolution-creatrices-du-changement\/#breadcrumb","itemListElement":[{"@type":"ListItem","position":1,"name":"Home","item":"https:\/\/interpares.ca\/fr\/"},{"@type":"ListItem","position":2,"name":"Les femmes du Soudan : \u00c9tincelles de la r\u00e9volution, cr\u00e9atrices du changement"}]},{"@type":"WebSite","@id":"https:\/\/interpares.ca\/#website","url":"https:\/\/interpares.ca\/","name":"Inter Pares","description":"","potentialAction":[{"@type":"SearchAction","target":{"@type":"EntryPoint","urlTemplate":"https:\/\/interpares.ca\/?s={search_term_string}"},"query-input":{"@type":"PropertyValueSpecification","valueRequired":true,"valueName":"search_term_string"}}],"inLanguage":"fr-FR"},{"@type":"Person","@id":"https:\/\/interpares.ca\/#\/schema\/person\/a0f53105a07cc53858c20dd163334e9c","name":"Keyur Patel","image":{"@type":"ImageObject","inLanguage":"fr-FR","@id":"https:\/\/secure.gravatar.com\/avatar\/1b250a2bf4f127c97ce3fc433b869f2679cf64705d7b2d3b6565ac9d04df5125?s=96&d=mm&r=g","url":"https:\/\/secure.gravatar.com\/avatar\/1b250a2bf4f127c97ce3fc433b869f2679cf64705d7b2d3b6565ac9d04df5125?s=96&d=mm&r=g","contentUrl":"https:\/\/secure.gravatar.com\/avatar\/1b250a2bf4f127c97ce3fc433b869f2679cf64705d7b2d3b6565ac9d04df5125?s=96&d=mm&r=g","caption":"Keyur Patel"},"url":"https:\/\/interpares.ca\/fr\/author\/keyur\/"}]}},"_links":{"self":[{"href":"https:\/\/interpares.ca\/fr\/wp-json\/wp\/v2\/posts\/13984","targetHints":{"allow":["GET"]}}],"collection":[{"href":"https:\/\/interpares.ca\/fr\/wp-json\/wp\/v2\/posts"}],"about":[{"href":"https:\/\/interpares.ca\/fr\/wp-json\/wp\/v2\/types\/post"}],"author":[{"embeddable":true,"href":"https:\/\/interpares.ca\/fr\/wp-json\/wp\/v2\/users\/3"}],"replies":[{"embeddable":true,"href":"https:\/\/interpares.ca\/fr\/wp-json\/wp\/v2\/comments?post=13984"}],"version-history":[{"count":3,"href":"https:\/\/interpares.ca\/fr\/wp-json\/wp\/v2\/posts\/13984\/revisions"}],"predecessor-version":[{"id":118896,"href":"https:\/\/interpares.ca\/fr\/wp-json\/wp\/v2\/posts\/13984\/revisions\/118896"}],"wp:featuredmedia":[{"embeddable":true,"href":"https:\/\/interpares.ca\/fr\/wp-json\/wp\/v2\/media\/13983"}],"wp:attachment":[{"href":"https:\/\/interpares.ca\/fr\/wp-json\/wp\/v2\/media?parent=13984"}],"wp:term":[{"taxonomy":"category","embeddable":true,"href":"https:\/\/interpares.ca\/fr\/wp-json\/wp\/v2\/categories?post=13984"},{"taxonomy":"post_tag","embeddable":true,"href":"https:\/\/interpares.ca\/fr\/wp-json\/wp\/v2\/tags?post=13984"},{"taxonomy":"ptype","embeddable":true,"href":"https:\/\/interpares.ca\/fr\/wp-json\/wp\/v2\/ptype?post=13984"},{"taxonomy":"resource_type","embeddable":true,"href":"https:\/\/interpares.ca\/fr\/wp-json\/wp\/v2\/resource_type?post=13984"},{"taxonomy":"regions","embeddable":true,"href":"https:\/\/interpares.ca\/fr\/wp-json\/wp\/v2\/regions?post=13984"},{"taxonomy":"issues","embeddable":true,"href":"https:\/\/interpares.ca\/fr\/wp-json\/wp\/v2\/issues?post=13984"}],"curies":[{"name":"wp","href":"https:\/\/api.w.org\/{rel}","templated":true}]}}