{"id":14215,"date":"2022-03-08T09:16:43","date_gmt":"2022-03-08T14:16:43","guid":{"rendered":"https:\/\/interpares.wperso.com\/news\/ce-que-nous-voulons-ce-8-mars\/"},"modified":"2026-08-11T15:48:52","modified_gmt":"2026-08-11T19:48:52","slug":"ce-que-nous-voulons-ce-8-mars","status":"publish","type":"post","link":"https:\/\/interpares.ca\/fr\/ce-que-nous-voulons-ce-8-mars\/","title":{"rendered":"Ce que nous voulons&#8230; ce 8 mars"},"content":{"rendered":"\t\t<div data-elementor-type=\"wp-post\" data-elementor-id=\"14215\" class=\"elementor elementor-14215 elementor-14213\" data-elementor-post-type=\"post\">\n\t\t\t\t<div class=\"elementor-element elementor-element-4abbade6 e-flex e-con-boxed e-con e-parent\" data-id=\"4abbade6\" data-element_type=\"container\" data-e-type=\"container\">\n\t\t\t\t\t<div class=\"e-con-inner\">\n\t\t\t\t<div class=\"elementor-element elementor-element-628191de elementor-widget elementor-widget-text-editor\" data-id=\"628191de\" data-element_type=\"widget\" data-e-type=\"widget\" data-widget_type=\"text-editor.default\">\n\t\t\t\t<div class=\"elementor-widget-container\">\n\t\t\t\t\t\t\t\t\t<p>Dans de nombreuses r\u00e9gions du monde, le 8 mars est une journ\u00e9e importante pour d\u00e9noncer les discriminations, les in\u00e9galit\u00e9s et les violences dont sont victimes toutes les femmes.<\/p><p>C&rsquo;est aussi une journ\u00e9e qui c\u00e9l\u00e8bre la contribution ind\u00e9niable des femmes \u00e0 la soci\u00e9t\u00e9. Depuis bient\u00f4t deux ans, la pand\u00e9mie, le bouleversement climatique et les crises \u00e9conomiques ont mis \u00e0 mal la sant\u00e9 et la s\u00e9curit\u00e9 de bien des femmes dans le monde. La lutte pour les droits des femmes demeure une entreprise collective \u00e0 laquelle nous devons tous travailler.<\/p><p>Cette ann\u00e9e, nous souhaitons partager avec vous les mots de ralliement de nos organisations homologues du monde entier. Chaque homologue apporte une perspective unique \u00e0 la lutte pour l&rsquo;\u00e9galit\u00e9 des femmes. De la revendication des droits des femmes transgenres en Colombie aux droits des agricultrices en Guin\u00e9e-Bissau, les femmes insistent sur la n\u00e9cessit\u00e9 d&rsquo;agir de mani\u00e8re solidaire. Avec nos homologues, nous partageons la m\u00eame volont\u00e9 de lutter pour un avenir \u00e9quitable pour toutes et tous, sans distinction de genre.<\/p><p>La solidarit\u00e9, un concept cher \u00e0 Inter Pares, est au c\u0153ur de nos relations avec nos homologues. Encore trop souvent en arri\u00e8re-plan, ces femmes fi\u00e8res et battantes partagent aujourd&rsquo;hui avec vous leurs souhaits, leurs luttes et leurs succ\u00e8s.<\/p><p>Bonne journ\u00e9e internationale de la femme !<\/p><hr class=\"the7-p-gap\" style=\"padding-bottom: 30px;\" \/><h3>Nos homologues partagent leurs messages de ralliement pour la Journ\u00e9e internationale des droits des femmes 2022 ici.<\/h3>\t\t\t\t\t\t\t\t<\/div>\n\t\t\t\t<\/div>\n\t\t\t\t\t<\/div>\n\t\t\t\t<\/div>\n\t\t<div class=\"elementor-element elementor-element-da8fea9 e-flex e-con-boxed e-con e-parent\" data-id=\"da8fea9\" data-element_type=\"container\" data-e-type=\"container\">\n\t\t\t\t\t<div class=\"e-con-inner\">\n\t\t\t\t<div class=\"elementor-element elementor-element-d466584 elementor-widget elementor-widget-image\" data-id=\"d466584\" data-element_type=\"widget\" data-e-type=\"widget\" data-widget_type=\"image.default\">\n\t\t\t\t<div class=\"elementor-widget-container\">\n\t\t\t\t\t\t\t\t\t\t\t\t\t\t\t<img fetchpriority=\"high\" decoding=\"async\" width=\"1024\" height=\"1024\" src=\"https:\/\/interpares.ca\/wp-content\/uploads\/2022\/03\/2022-journee-internationale-des-femmes-india-dds-1024x1024.jpg\" class=\"attachment-large size-large wp-image-118797\" alt=\"\" srcset=\"https:\/\/interpares.ca\/wp-content\/uploads\/2022\/03\/2022-journee-internationale-des-femmes-india-dds-1024x1024.jpg 1024w, https:\/\/interpares.ca\/wp-content\/uploads\/2022\/03\/2022-journee-internationale-des-femmes-india-dds-300x300.jpg 300w, https:\/\/interpares.ca\/wp-content\/uploads\/2022\/03\/2022-journee-internationale-des-femmes-india-dds-150x150.jpg 150w, https:\/\/interpares.ca\/wp-content\/uploads\/2022\/03\/2022-journee-internationale-des-femmes-india-dds-768x768.jpg 768w, https:\/\/interpares.ca\/wp-content\/uploads\/2022\/03\/2022-journee-internationale-des-femmes-india-dds.jpg 1080w\" sizes=\"(max-width: 1024px) 100vw, 1024px\" \/>\t\t\t\t\t\t\t\t\t\t\t\t\t\t\t<\/div>\n\t\t\t\t<\/div>\n\t\t\t\t<div class=\"elementor-element elementor-element-5eb79cc elementor-blockquote--skin-quotation elementor-widget elementor-widget-blockquote\" data-id=\"5eb79cc\" data-element_type=\"widget\" data-e-type=\"widget\" data-widget_type=\"blockquote.default\">\n\t\t\t\t<div class=\"elementor-widget-container\">\n\t\t\t\t\t\t\t<blockquote class=\"elementor-blockquote\">\n\t\t\t<p class=\"elementor-blockquote__content\">\n\t\t\t\tNous voulons une agriculture durable, des aliments sains et un avenir s\u00e9curitaire sur le plan nutritionnel pour nos enfants.\t\t\t<\/p>\n\t\t\t\t\t<\/blockquote>\n\t\t\t\t\t\t<\/div>\n\t\t\t\t<\/div>\n\t\t\t\t<div class=\"elementor-element elementor-element-40cba78 elementor-widget elementor-widget-text-editor\" data-id=\"40cba78\" data-element_type=\"widget\" data-e-type=\"widget\" data-widget_type=\"text-editor.default\">\n\t\t\t\t<div class=\"elementor-widget-container\">\n\t\t\t\t\t\t\t\t\t<p>La <a href=\"https:\/\/interpares.ca\/fr\/counterpart\/deccan-development-society\/\">Deccan Development Society<\/a> est une organisation communautaire de la base travaillant avec des groupes de femmes dans plus de soixante-quinze villages de l&rsquo;Andhra Pradesh en Inde. Les 5 000 femmes membres de DDS ont d\u00e9velopp\u00e9 des syst\u00e8mes de souverainet\u00e9 alimentaire ax\u00e9s sur le savoir local qui incluent des banques de semences et de c\u00e9r\u00e9ales.<\/p>\t\t\t\t\t\t\t\t<\/div>\n\t\t\t\t<\/div>\n\t\t\t\t<div class=\"elementor-element elementor-element-f7ca19c elementor-widget elementor-widget-spacer\" data-id=\"f7ca19c\" data-element_type=\"widget\" data-e-type=\"widget\" data-widget_type=\"spacer.default\">\n\t\t\t\t<div class=\"elementor-widget-container\">\n\t\t\t\t\t\t\t<div class=\"elementor-spacer\">\n\t\t\t<div class=\"elementor-spacer-inner\"><\/div>\n\t\t<\/div>\n\t\t\t\t\t\t<\/div>\n\t\t\t\t<\/div>\n\t\t\t\t\t<\/div>\n\t\t\t\t<\/div>\n\t\t<div class=\"elementor-element elementor-element-a9080a8 e-flex e-con-boxed e-con e-parent\" data-id=\"a9080a8\" data-element_type=\"container\" data-e-type=\"container\">\n\t\t\t\t\t<div class=\"e-con-inner\">\n\t\t\t\t<div class=\"elementor-element elementor-element-58a7f7b elementor-widget elementor-widget-image\" data-id=\"58a7f7b\" data-element_type=\"widget\" data-e-type=\"widget\" data-widget_type=\"image.default\">\n\t\t\t\t<div class=\"elementor-widget-container\">\n\t\t\t\t\t\t\t\t\t\t\t\t\t\t\t<img decoding=\"async\" width=\"1024\" height=\"1024\" src=\"https:\/\/interpares.ca\/wp-content\/uploads\/2022\/03\/2022-journee-internationale-des-femmes-Guinea-Bissau-tiniguena-1024x1024.jpg\" class=\"attachment-large size-large wp-image-118796\" alt=\"\" srcset=\"https:\/\/interpares.ca\/wp-content\/uploads\/2022\/03\/2022-journee-internationale-des-femmes-Guinea-Bissau-tiniguena-1024x1024.jpg 1024w, https:\/\/interpares.ca\/wp-content\/uploads\/2022\/03\/2022-journee-internationale-des-femmes-Guinea-Bissau-tiniguena-300x300.jpg 300w, https:\/\/interpares.ca\/wp-content\/uploads\/2022\/03\/2022-journee-internationale-des-femmes-Guinea-Bissau-tiniguena-150x150.jpg 150w, https:\/\/interpares.ca\/wp-content\/uploads\/2022\/03\/2022-journee-internationale-des-femmes-Guinea-Bissau-tiniguena-768x768.jpg 768w, https:\/\/interpares.ca\/wp-content\/uploads\/2022\/03\/2022-journee-internationale-des-femmes-Guinea-Bissau-tiniguena.jpg 1080w\" sizes=\"(max-width: 1024px) 100vw, 1024px\" \/>\t\t\t\t\t\t\t\t\t\t\t\t\t\t\t<\/div>\n\t\t\t\t<\/div>\n\t\t\t\t<div class=\"elementor-element elementor-element-2b55eb0 elementor-blockquote--skin-quotation elementor-widget elementor-widget-blockquote\" data-id=\"2b55eb0\" data-element_type=\"widget\" data-e-type=\"widget\" data-widget_type=\"blockquote.default\">\n\t\t\t\t<div class=\"elementor-widget-container\">\n\t\t\t\t\t\t\t<blockquote class=\"elementor-blockquote\">\n\t\t\t<p class=\"elementor-blockquote__content\">\n\t\t\t\tNous voulons l\u2019ind\u00e9pendance \u00e9conomique.\t\t\t<\/p>\n\t\t\t\t\t<\/blockquote>\n\t\t\t\t\t\t<\/div>\n\t\t\t\t<\/div>\n\t\t\t\t<div class=\"elementor-element elementor-element-0932186 elementor-widget elementor-widget-text-editor\" data-id=\"0932186\" data-element_type=\"widget\" data-e-type=\"widget\" data-widget_type=\"text-editor.default\">\n\t\t\t\t<div class=\"elementor-widget-container\">\n\t\t\t\t\t\t\t\t\t<p>D\u00e9part pour la p\u00eache \u00e0 la bentaninha dans les mangroves d\u2019Enxud\u00e9, r\u00e9gion de Qu\u00ednara. Les femmes sont le principal moteur de l&rsquo;\u00e9conomie rurale, mais la tradition interdit les droits \u00e9conomiques essentiels.<\/p><p>En Guin\u00e9e-Bissau, un pays d&rsquo;Afrique de l&rsquo;Ouest, Tiniguena s&rsquo;est forg\u00e9e une r\u00e9putation nationale de chef de file dans le domaine de l&rsquo;\u00e9ducation environnementale cr\u00e9ative par la promotion des moyens de subsistance durables des communaut\u00e9s rurales et de l&rsquo;action citoyenne pour la paix et la d\u00e9mocratie.<\/p><p><a href=\"https:\/\/interpares.ca\/fr\/counterpart\/tiniguena\/\">Tiniguena<\/a> a contribu\u00e9 \u00e0 cr\u00e9er la premi\u00e8re aire marine communautaire prot\u00e9g\u00e9e en Afrique de l\u2019Ouest, un mod\u00e8le de protection de la biodiversit\u00e9 men\u00e9 par la communaut\u00e9 reconnu mondialement.<\/p>\t\t\t\t\t\t\t\t<\/div>\n\t\t\t\t<\/div>\n\t\t\t\t<div class=\"elementor-element elementor-element-3f85231 elementor-widget elementor-widget-spacer\" data-id=\"3f85231\" data-element_type=\"widget\" data-e-type=\"widget\" data-widget_type=\"spacer.default\">\n\t\t\t\t<div class=\"elementor-widget-container\">\n\t\t\t\t\t\t\t<div class=\"elementor-spacer\">\n\t\t\t<div class=\"elementor-spacer-inner\"><\/div>\n\t\t<\/div>\n\t\t\t\t\t\t<\/div>\n\t\t\t\t<\/div>\n\t\t\t\t\t<\/div>\n\t\t\t\t<\/div>\n\t\t<div class=\"elementor-element elementor-element-439fa5d e-flex e-con-boxed e-con e-parent\" data-id=\"439fa5d\" data-element_type=\"container\" data-e-type=\"container\">\n\t\t\t\t\t<div class=\"e-con-inner\">\n\t\t\t\t<div class=\"elementor-element elementor-element-e6fa1ce elementor-widget elementor-widget-image\" data-id=\"e6fa1ce\" data-element_type=\"widget\" data-e-type=\"widget\" data-widget_type=\"image.default\">\n\t\t\t\t<div class=\"elementor-widget-container\">\n\t\t\t\t\t\t\t\t\t\t\t\t\t\t\t<img decoding=\"async\" width=\"1024\" height=\"1024\" src=\"https:\/\/interpares.ca\/wp-content\/uploads\/2022\/03\/2022-journee-internationale-des-femmes-soudan-SWRC-1024x1024.jpg\" class=\"attachment-large size-large wp-image-118795\" alt=\"\" srcset=\"https:\/\/interpares.ca\/wp-content\/uploads\/2022\/03\/2022-journee-internationale-des-femmes-soudan-SWRC-1024x1024.jpg 1024w, https:\/\/interpares.ca\/wp-content\/uploads\/2022\/03\/2022-journee-internationale-des-femmes-soudan-SWRC-300x300.jpg 300w, https:\/\/interpares.ca\/wp-content\/uploads\/2022\/03\/2022-journee-internationale-des-femmes-soudan-SWRC-150x150.jpg 150w, https:\/\/interpares.ca\/wp-content\/uploads\/2022\/03\/2022-journee-internationale-des-femmes-soudan-SWRC-768x768.jpg 768w, https:\/\/interpares.ca\/wp-content\/uploads\/2022\/03\/2022-journee-internationale-des-femmes-soudan-SWRC.jpg 1080w\" sizes=\"(max-width: 1024px) 100vw, 1024px\" \/>\t\t\t\t\t\t\t\t\t\t\t\t\t\t\t<\/div>\n\t\t\t\t<\/div>\n\t\t\t\t<div class=\"elementor-element elementor-element-2387aaf elementor-blockquote--skin-quotation elementor-widget elementor-widget-blockquote\" data-id=\"2387aaf\" data-element_type=\"widget\" data-e-type=\"widget\" data-widget_type=\"blockquote.default\">\n\t\t\t\t<div class=\"elementor-widget-container\">\n\t\t\t\t\t\t\t<blockquote class=\"elementor-blockquote\">\n\t\t\t<p class=\"elementor-blockquote__content\">\n\t\t\t\tNous \u00e9mergeons des profondeurs de la terre pour former des milliers de villes qui se d\u00e9veloppent en hauteur. Cette terre nous appartient, appartient aux \u00eatres libres, aux femmes et \u00e0 la nouvelle g\u00e9n\u00e9ration de jeunes.\t\t\t<\/p>\n\t\t\t\t\t<\/blockquote>\n\t\t\t\t\t\t<\/div>\n\t\t\t\t<\/div>\n\t\t\t\t<div class=\"elementor-element elementor-element-4e5e8c5 elementor-widget elementor-widget-text-editor\" data-id=\"4e5e8c5\" data-element_type=\"widget\" data-e-type=\"widget\" data-widget_type=\"text-editor.default\">\n\t\t\t\t<div class=\"elementor-widget-container\">\n\t\t\t\t\t\t\t\t\t<p>Protestation contre la junte militaire au Soudan qui a pris le pouvoir de mani\u00e8re ill\u00e9gitime fin 2021. Les jeunes et les femmes, sont tr\u00e8s pr\u00e9sents dans la vague continue de protestations \u00e0 travers le pays depuis lors, appel\u00e9e \u00ab\u00a0Marches des millions\u00a0\u00bb.<\/p><p><a href=\"https:\/\/interpares.ca\/fr\/counterpart\/swrc\/\">SWRC<\/a> (prononc\u00e9 \u201csource\u201d) est un organisme f\u00e9ministe bas\u00e9 \u00e0 Khartoum au Soudan r\u00e9solument tourn\u00e9 vers les droits des femmes, la paix et la d\u00e9mocratie \u00e0 travers l\u2019activisme de la jeunesse. Afin de contribuer aux mouvements de la justice sociale au Soudan, SWRC est impliqu\u00e9 dans la sensibilisation du public, et dans le d\u00e9veloppement des comp\u00e9tences et du savoir chez les jeunes, en particulier des femmes.<\/p>\t\t\t\t\t\t\t\t<\/div>\n\t\t\t\t<\/div>\n\t\t\t\t<div class=\"elementor-element elementor-element-60f15e6 elementor-widget elementor-widget-spacer\" data-id=\"60f15e6\" data-element_type=\"widget\" data-e-type=\"widget\" data-widget_type=\"spacer.default\">\n\t\t\t\t<div class=\"elementor-widget-container\">\n\t\t\t\t\t\t\t<div class=\"elementor-spacer\">\n\t\t\t<div class=\"elementor-spacer-inner\"><\/div>\n\t\t<\/div>\n\t\t\t\t\t\t<\/div>\n\t\t\t\t<\/div>\n\t\t\t\t\t<\/div>\n\t\t\t\t<\/div>\n\t\t<div class=\"elementor-element elementor-element-df2a453 e-flex e-con-boxed e-con e-parent\" data-id=\"df2a453\" data-element_type=\"container\" data-e-type=\"container\">\n\t\t\t\t\t<div class=\"e-con-inner\">\n\t\t\t\t<div class=\"elementor-element elementor-element-41c82cd elementor-widget elementor-widget-image\" data-id=\"41c82cd\" data-element_type=\"widget\" data-e-type=\"widget\" data-widget_type=\"image.default\">\n\t\t\t\t<div class=\"elementor-widget-container\">\n\t\t\t\t\t\t\t\t\t\t\t\t\t\t\t<img loading=\"lazy\" decoding=\"async\" width=\"1024\" height=\"1024\" src=\"https:\/\/interpares.ca\/wp-content\/uploads\/2022\/03\/2022-journee-internationale-des-femmes-birmanie-mae-tao-clinic-1024x1024.jpg\" class=\"attachment-large size-large wp-image-118794\" alt=\"\" srcset=\"https:\/\/interpares.ca\/wp-content\/uploads\/2022\/03\/2022-journee-internationale-des-femmes-birmanie-mae-tao-clinic-1024x1024.jpg 1024w, https:\/\/interpares.ca\/wp-content\/uploads\/2022\/03\/2022-journee-internationale-des-femmes-birmanie-mae-tao-clinic-300x300.jpg 300w, https:\/\/interpares.ca\/wp-content\/uploads\/2022\/03\/2022-journee-internationale-des-femmes-birmanie-mae-tao-clinic-150x150.jpg 150w, https:\/\/interpares.ca\/wp-content\/uploads\/2022\/03\/2022-journee-internationale-des-femmes-birmanie-mae-tao-clinic-768x768.jpg 768w, https:\/\/interpares.ca\/wp-content\/uploads\/2022\/03\/2022-journee-internationale-des-femmes-birmanie-mae-tao-clinic.jpg 1200w\" sizes=\"(max-width: 1024px) 100vw, 1024px\" \/>\t\t\t\t\t\t\t\t\t\t\t\t\t\t\t<\/div>\n\t\t\t\t<\/div>\n\t\t\t\t<div class=\"elementor-element elementor-element-e82e78e elementor-blockquote--skin-quotation elementor-widget elementor-widget-blockquote\" data-id=\"e82e78e\" data-element_type=\"widget\" data-e-type=\"widget\" data-widget_type=\"blockquote.default\">\n\t\t\t\t<div class=\"elementor-widget-container\">\n\t\t\t\t\t\t\t<blockquote class=\"elementor-blockquote\">\n\t\t\t<p class=\"elementor-blockquote__content\">\n\t\t\t\tNous voulons la dignit\u00e9 pour tous les \u00eatres humains parce que reconna\u00eetre la dignit\u00e9 de tous est la premi\u00e8re \u00e9tape pour cr\u00e9er l\u2019harmonie et l\u2019unit\u00e9 dans la communaut\u00e9 et la soci\u00e9t\u00e9. C'est un principe fondamental pour construire la paix et la stabilit\u00e9.\t\t\t<\/p>\n\t\t\t\t\t<\/blockquote>\n\t\t\t\t\t\t<\/div>\n\t\t\t\t<\/div>\n\t\t\t\t<div class=\"elementor-element elementor-element-7fa716a elementor-widget elementor-widget-text-editor\" data-id=\"7fa716a\" data-element_type=\"widget\" data-e-type=\"widget\" data-widget_type=\"text-editor.default\">\n\t\t\t\t<div class=\"elementor-widget-container\">\n\t\t\t\t\t\t\t\t\t<p>Depuis plus de 30 ans, le Dr Cynthia milite pour un acc\u00e8s \u00e9quitable \u00e0 la sant\u00e9, \u00e0 l&rsquo;\u00e9ducation et \u00e0 la protection des personnes d\u00e9plac\u00e9es et des migrants le long de la fronti\u00e8re entre la Tha\u00eflande et la Birmanie.<\/p><p>\u00c9tablie \u00e0 Mae Sot en Tha\u00eflande, la <a href=\"https:\/\/maetaoclinic.org\/\" target=\"_blank\" rel=\"noopener\">Mae Tao Clinic<\/a> (Clinique Mae Tao) a \u00e9t\u00e9 mise sur pied par la Dre Cynthia Maung, elle-m\u00eame une r\u00e9fugi\u00e9e birmane. La clinique offre tout un \u00e9ventail de soins de sant\u00e9 pour les personnes r\u00e9fugi\u00e9es, les travailleurs migrants et autres personnes. La clinique offre aussi de nombreux programmes de formation pour les travailleurs de la sant\u00e9.<\/p>\t\t\t\t\t\t\t\t<\/div>\n\t\t\t\t<\/div>\n\t\t\t\t<div class=\"elementor-element elementor-element-9048de0 elementor-widget elementor-widget-spacer\" data-id=\"9048de0\" data-element_type=\"widget\" data-e-type=\"widget\" data-widget_type=\"spacer.default\">\n\t\t\t\t<div class=\"elementor-widget-container\">\n\t\t\t\t\t\t\t<div class=\"elementor-spacer\">\n\t\t\t<div class=\"elementor-spacer-inner\"><\/div>\n\t\t<\/div>\n\t\t\t\t\t\t<\/div>\n\t\t\t\t<\/div>\n\t\t\t\t\t<\/div>\n\t\t\t\t<\/div>\n\t\t<div class=\"elementor-element elementor-element-2180c48 e-flex e-con-boxed e-con e-parent\" data-id=\"2180c48\" data-element_type=\"container\" data-e-type=\"container\">\n\t\t\t\t\t<div class=\"e-con-inner\">\n\t\t\t\t<div class=\"elementor-element elementor-element-333ff7a elementor-widget elementor-widget-image\" data-id=\"333ff7a\" data-element_type=\"widget\" data-e-type=\"widget\" data-widget_type=\"image.default\">\n\t\t\t\t<div class=\"elementor-widget-container\">\n\t\t\t\t\t\t\t\t\t\t\t\t\t\t\t<img loading=\"lazy\" decoding=\"async\" width=\"1024\" height=\"1024\" src=\"https:\/\/interpares.ca\/wp-content\/uploads\/2022\/03\/2022-journee-internationale-des-femmes-inde-focus-on-the-global-south-1024x1024.jpg\" class=\"attachment-large size-large wp-image-118793\" alt=\"\" srcset=\"https:\/\/interpares.ca\/wp-content\/uploads\/2022\/03\/2022-journee-internationale-des-femmes-inde-focus-on-the-global-south-1024x1024.jpg 1024w, https:\/\/interpares.ca\/wp-content\/uploads\/2022\/03\/2022-journee-internationale-des-femmes-inde-focus-on-the-global-south-300x300.jpg 300w, https:\/\/interpares.ca\/wp-content\/uploads\/2022\/03\/2022-journee-internationale-des-femmes-inde-focus-on-the-global-south-150x150.jpg 150w, https:\/\/interpares.ca\/wp-content\/uploads\/2022\/03\/2022-journee-internationale-des-femmes-inde-focus-on-the-global-south-768x768.jpg 768w, https:\/\/interpares.ca\/wp-content\/uploads\/2022\/03\/2022-journee-internationale-des-femmes-inde-focus-on-the-global-south.jpg 1080w\" sizes=\"(max-width: 1024px) 100vw, 1024px\" \/>\t\t\t\t\t\t\t\t\t\t\t\t\t\t\t<\/div>\n\t\t\t\t<\/div>\n\t\t\t\t<div class=\"elementor-element elementor-element-4ad72a9 elementor-blockquote--skin-quotation elementor-widget elementor-widget-blockquote\" data-id=\"4ad72a9\" data-element_type=\"widget\" data-e-type=\"widget\" data-widget_type=\"blockquote.default\">\n\t\t\t\t<div class=\"elementor-widget-container\">\n\t\t\t\t\t\t\t<blockquote class=\"elementor-blockquote\">\n\t\t\t<p class=\"elementor-blockquote__content\">\n\t\t\t\tNous voulons que les femmes soient reconnues en tant que productrices, car le travail des femmes est l\u2019\u00e9pine dorsale de l\u2019agriculture.\t\t\t<\/p>\n\t\t\t\t\t<\/blockquote>\n\t\t\t\t\t\t<\/div>\n\t\t\t\t<\/div>\n\t\t\t\t<div class=\"elementor-element elementor-element-77aabcb elementor-widget elementor-widget-text-editor\" data-id=\"77aabcb\" data-element_type=\"widget\" data-e-type=\"widget\" data-widget_type=\"text-editor.default\">\n\t\t\t\t<div class=\"elementor-widget-container\">\n\t\t\t\t\t\t\t\t\t<p>Les femmes de Samyukta Kisan Morcha (United Farmers Front) \u00e9taient \u00e0 l&rsquo;avant-garde des manifestations historiques des agriculteurs en Inde et se joignent ici \u00e0 la c\u00e9l\u00e9bration du premier anniversaire de leur victoire en novembre 2021.<\/p><p><a href=\"https:\/\/interpares.ca\/fr\/counterpart\/focus-on-the-global-south\/\">Focus on the Global South<\/a> est une organisation r\u00e9gionale qui aide de nombreux groupes locaux \u00e0 travers l&rsquo;Asie dans leurs luttes pour la justice sociale. En fournissant des recherches et des analyses sur les syst\u00e8mes \u00e9conomiques, politiques et sociaux \u00e0 l&rsquo;origine de la pauvret\u00e9 et de la marginalisation des femmes, elle sensibilise les gens et les aide \u00e0 \u00e9tablir des liens entre les luttes.<\/p>\t\t\t\t\t\t\t\t<\/div>\n\t\t\t\t<\/div>\n\t\t\t\t<div class=\"elementor-element elementor-element-b7cf56c elementor-widget elementor-widget-spacer\" data-id=\"b7cf56c\" data-element_type=\"widget\" data-e-type=\"widget\" data-widget_type=\"spacer.default\">\n\t\t\t\t<div class=\"elementor-widget-container\">\n\t\t\t\t\t\t\t<div class=\"elementor-spacer\">\n\t\t\t<div class=\"elementor-spacer-inner\"><\/div>\n\t\t<\/div>\n\t\t\t\t\t\t<\/div>\n\t\t\t\t<\/div>\n\t\t\t\t\t<\/div>\n\t\t\t\t<\/div>\n\t\t<div class=\"elementor-element elementor-element-7cf82f7 e-flex e-con-boxed e-con e-parent\" data-id=\"7cf82f7\" data-element_type=\"container\" data-e-type=\"container\">\n\t\t\t\t\t<div class=\"e-con-inner\">\n\t\t\t\t<div class=\"elementor-element elementor-element-573c960 elementor-widget elementor-widget-image\" data-id=\"573c960\" data-element_type=\"widget\" data-e-type=\"widget\" data-widget_type=\"image.default\">\n\t\t\t\t<div class=\"elementor-widget-container\">\n\t\t\t\t\t\t\t\t\t\t\t\t\t\t\t<img loading=\"lazy\" decoding=\"async\" width=\"1024\" height=\"1024\" src=\"https:\/\/interpares.ca\/wp-content\/uploads\/2022\/03\/2022-journee-internationale-des-femmes-peru-sisay-1024x1024.jpg\" class=\"attachment-large size-large wp-image-118792\" alt=\"\" srcset=\"https:\/\/interpares.ca\/wp-content\/uploads\/2022\/03\/2022-journee-internationale-des-femmes-peru-sisay-1024x1024.jpg 1024w, https:\/\/interpares.ca\/wp-content\/uploads\/2022\/03\/2022-journee-internationale-des-femmes-peru-sisay-300x300.jpg 300w, https:\/\/interpares.ca\/wp-content\/uploads\/2022\/03\/2022-journee-internationale-des-femmes-peru-sisay-150x150.jpg 150w, https:\/\/interpares.ca\/wp-content\/uploads\/2022\/03\/2022-journee-internationale-des-femmes-peru-sisay-768x768.jpg 768w, https:\/\/interpares.ca\/wp-content\/uploads\/2022\/03\/2022-journee-internationale-des-femmes-peru-sisay.jpg 1200w\" sizes=\"(max-width: 1024px) 100vw, 1024px\" \/>\t\t\t\t\t\t\t\t\t\t\t\t\t\t\t<\/div>\n\t\t\t\t<\/div>\n\t\t\t\t<div class=\"elementor-element elementor-element-e8ecec0 elementor-blockquote--skin-quotation elementor-widget elementor-widget-blockquote\" data-id=\"e8ecec0\" data-element_type=\"widget\" data-e-type=\"widget\" data-widget_type=\"blockquote.default\">\n\t\t\t\t<div class=\"elementor-widget-container\">\n\t\t\t\t\t\t\t<blockquote class=\"elementor-blockquote\">\n\t\t\t<p class=\"elementor-blockquote__content\">\n\t\t\t\tNous, les femmes de l\u2019Association Sumaq Wayta des femmes affect\u00e9es par les st\u00e9rilisations forc\u00e9es de Huamanga - Ayacucho, voulons dire stop \u00e0 la violence de genre parce qu\u2019elle ne nous permet pas de vivre dans une relation fond\u00e9e sur l\u2019\u00e9galit\u00e9.\t\t\t<\/p>\n\t\t\t\t\t<\/blockquote>\n\t\t\t\t\t\t<\/div>\n\t\t\t\t<\/div>\n\t\t\t\t<div class=\"elementor-element elementor-element-51ca998 elementor-widget elementor-widget-text-editor\" data-id=\"51ca998\" data-element_type=\"widget\" data-e-type=\"widget\" data-widget_type=\"text-editor.default\">\n\t\t\t\t<div class=\"elementor-widget-container\">\n\t\t\t\t\t\t\t\t\t<p>\u00c0 Socos\/ Huamanga &#8211; Ayacucho, P\u00e9rou, des femmes sont \u00e0 la recherche de la v\u00e9rit\u00e9, de la justice et de r\u00e9paration.<\/p><p><a href=\"https:\/\/interpares.ca\/fr\/counterpart\/centro-de-desarrollo-andino\/\">SISAY<\/a> (Centro de Desarrollo Andino, Centre pour le d\u00e9veloppement des Andes) fournit une assistance technique et organisationnelle aux communaut\u00e9s rurales d&rsquo;Ayacucho et de Huancavelica, en mettant l&rsquo;accent sur les programmes de lutte contre la pauvret\u00e9 et la s\u00e9curit\u00e9 alimentaire. Ces programmes visent la mise en \u0153uvre de r\u00e9formes institutionnelles autour des droits pour favoriser l&rsquo;inclusion des populations dans une \u00e9conomie durable, et leur acc\u00e8s \u00e0 la pleine citoyennet\u00e9.<\/p>\t\t\t\t\t\t\t\t<\/div>\n\t\t\t\t<\/div>\n\t\t\t\t<div class=\"elementor-element elementor-element-e941e50 elementor-widget elementor-widget-spacer\" data-id=\"e941e50\" data-element_type=\"widget\" data-e-type=\"widget\" data-widget_type=\"spacer.default\">\n\t\t\t\t<div class=\"elementor-widget-container\">\n\t\t\t\t\t\t\t<div class=\"elementor-spacer\">\n\t\t\t<div class=\"elementor-spacer-inner\"><\/div>\n\t\t<\/div>\n\t\t\t\t\t\t<\/div>\n\t\t\t\t<\/div>\n\t\t\t\t\t<\/div>\n\t\t\t\t<\/div>\n\t\t<div class=\"elementor-element elementor-element-4495f31 e-flex e-con-boxed e-con e-parent\" data-id=\"4495f31\" data-element_type=\"container\" data-e-type=\"container\">\n\t\t\t\t\t<div class=\"e-con-inner\">\n\t\t\t\t<div class=\"elementor-element elementor-element-87ee21a elementor-widget elementor-widget-image\" data-id=\"87ee21a\" data-element_type=\"widget\" data-e-type=\"widget\" data-widget_type=\"image.default\">\n\t\t\t\t<div class=\"elementor-widget-container\">\n\t\t\t\t\t\t\t\t\t\t\t\t\t\t\t<img loading=\"lazy\" decoding=\"async\" width=\"1024\" height=\"1024\" src=\"https:\/\/interpares.ca\/wp-content\/uploads\/2022\/03\/2022-journee-internationale-des-femmes-inde-tamil-nadu-womens-collective-1024x1024.jpg\" class=\"attachment-large size-large wp-image-118791\" alt=\"\" srcset=\"https:\/\/interpares.ca\/wp-content\/uploads\/2022\/03\/2022-journee-internationale-des-femmes-inde-tamil-nadu-womens-collective-1024x1024.jpg 1024w, https:\/\/interpares.ca\/wp-content\/uploads\/2022\/03\/2022-journee-internationale-des-femmes-inde-tamil-nadu-womens-collective-300x300.jpg 300w, https:\/\/interpares.ca\/wp-content\/uploads\/2022\/03\/2022-journee-internationale-des-femmes-inde-tamil-nadu-womens-collective-150x150.jpg 150w, https:\/\/interpares.ca\/wp-content\/uploads\/2022\/03\/2022-journee-internationale-des-femmes-inde-tamil-nadu-womens-collective-768x768.jpg 768w, https:\/\/interpares.ca\/wp-content\/uploads\/2022\/03\/2022-journee-internationale-des-femmes-inde-tamil-nadu-womens-collective.jpg 1200w\" sizes=\"(max-width: 1024px) 100vw, 1024px\" \/>\t\t\t\t\t\t\t\t\t\t\t\t\t\t\t<\/div>\n\t\t\t\t<\/div>\n\t\t\t\t<div class=\"elementor-element elementor-element-39a91bf elementor-blockquote--skin-quotation elementor-widget elementor-widget-blockquote\" data-id=\"39a91bf\" data-element_type=\"widget\" data-e-type=\"widget\" data-widget_type=\"blockquote.default\">\n\t\t\t\t<div class=\"elementor-widget-container\">\n\t\t\t\t\t\t\t<blockquote class=\"elementor-blockquote\">\n\t\t\t<p class=\"elementor-blockquote__content\">\n\t\t\t\tNous voulons \u00eatre des leaders.\t\t\t<\/p>\n\t\t\t\t\t<\/blockquote>\n\t\t\t\t\t\t<\/div>\n\t\t\t\t<\/div>\n\t\t\t\t<div class=\"elementor-element elementor-element-7920b78 elementor-widget elementor-widget-text-editor\" data-id=\"7920b78\" data-element_type=\"widget\" data-e-type=\"widget\" data-widget_type=\"text-editor.default\">\n\t\t\t\t<div class=\"elementor-widget-container\">\n\t\t\t\t\t\t\t\t\t<p>Le <a href=\"https:\/\/interpares.ca\/fr\/counterpart\/collectif-des-femmes-du-tamil-nadu\/\">Tamil Nadu Women&rsquo;s Collective<\/a> rassemble plus de 100 000 femmes marginalis\u00e9es des villages de l&rsquo;\u00c9tat du Tamil Nadu, en Inde, pour qu&rsquo;elles s&rsquo;organisent en groupes locaux. Les femmes prennent conscience de leurs droits et apprennent \u00e0 analyser les syst\u00e8mes qui les maintiennent dans la pauvret\u00e9 et la marginalit\u00e9, et ce qui doit changer.<\/p><p>Les groupes locaux s&rsquo;efforcent de lutter contre la violence \u00e0 l&rsquo;\u00e9gard des femmes, d&rsquo;aider les agricultrices \u00e0 utiliser la production agro\u00e9cologique et de soutenir la participation politique des femmes. Elles y acqui\u00e8rent les moyens d&rsquo;assumer un leadership au sein de leurs groupes et au-del\u00e0 dans leurs communaut\u00e9s.<\/p>\t\t\t\t\t\t\t\t<\/div>\n\t\t\t\t<\/div>\n\t\t\t\t<div class=\"elementor-element elementor-element-342b643 elementor-widget elementor-widget-spacer\" data-id=\"342b643\" data-element_type=\"widget\" data-e-type=\"widget\" data-widget_type=\"spacer.default\">\n\t\t\t\t<div class=\"elementor-widget-container\">\n\t\t\t\t\t\t\t<div class=\"elementor-spacer\">\n\t\t\t<div class=\"elementor-spacer-inner\"><\/div>\n\t\t<\/div>\n\t\t\t\t\t\t<\/div>\n\t\t\t\t<\/div>\n\t\t\t\t\t<\/div>\n\t\t\t\t<\/div>\n\t\t<div class=\"elementor-element elementor-element-2a2011f e-flex e-con-boxed e-con e-parent\" data-id=\"2a2011f\" data-element_type=\"container\" data-e-type=\"container\">\n\t\t\t\t\t<div class=\"e-con-inner\">\n\t\t\t\t<div class=\"elementor-element elementor-element-76d3771 elementor-widget elementor-widget-image\" data-id=\"76d3771\" data-element_type=\"widget\" data-e-type=\"widget\" data-widget_type=\"image.default\">\n\t\t\t\t<div class=\"elementor-widget-container\">\n\t\t\t\t\t\t\t\t\t\t\t\t\t\t\t<img loading=\"lazy\" decoding=\"async\" width=\"1024\" height=\"1024\" src=\"https:\/\/interpares.ca\/wp-content\/uploads\/2022\/03\/2022-journee-internationale-des-femmes-bangladesh-nijera-kori-1024x1024.jpg\" class=\"attachment-large size-large wp-image-118790\" alt=\"\" srcset=\"https:\/\/interpares.ca\/wp-content\/uploads\/2022\/03\/2022-journee-internationale-des-femmes-bangladesh-nijera-kori-1024x1024.jpg 1024w, https:\/\/interpares.ca\/wp-content\/uploads\/2022\/03\/2022-journee-internationale-des-femmes-bangladesh-nijera-kori-300x300.jpg 300w, https:\/\/interpares.ca\/wp-content\/uploads\/2022\/03\/2022-journee-internationale-des-femmes-bangladesh-nijera-kori-150x150.jpg 150w, https:\/\/interpares.ca\/wp-content\/uploads\/2022\/03\/2022-journee-internationale-des-femmes-bangladesh-nijera-kori-768x768.jpg 768w, https:\/\/interpares.ca\/wp-content\/uploads\/2022\/03\/2022-journee-internationale-des-femmes-bangladesh-nijera-kori.jpg 1200w\" sizes=\"(max-width: 1024px) 100vw, 1024px\" \/>\t\t\t\t\t\t\t\t\t\t\t\t\t\t\t<\/div>\n\t\t\t\t<\/div>\n\t\t\t\t<div class=\"elementor-element elementor-element-8737158 elementor-blockquote--skin-quotation elementor-widget elementor-widget-blockquote\" data-id=\"8737158\" data-element_type=\"widget\" data-e-type=\"widget\" data-widget_type=\"blockquote.default\">\n\t\t\t\t<div class=\"elementor-widget-container\">\n\t\t\t\t\t\t\t<blockquote class=\"elementor-blockquote\">\n\t\t\t<p class=\"elementor-blockquote__content\">\n\t\t\t\tLes filles veulent \u00eatre des filles.\t\t\t<\/p>\n\t\t\t\t\t<\/blockquote>\n\t\t\t\t\t\t<\/div>\n\t\t\t\t<\/div>\n\t\t\t\t<div class=\"elementor-element elementor-element-cae3fe8 elementor-widget elementor-widget-text-editor\" data-id=\"cae3fe8\" data-element_type=\"widget\" data-e-type=\"widget\" data-widget_type=\"text-editor.default\">\n\t\t\t\t<div class=\"elementor-widget-container\">\n\t\t\t\t\t\t\t\t\t<p>Depuis 1980, <a href=\"https:\/\/interpares.ca\/fr\/counterpart\/nijera-kori\/\">Nijera Kori<\/a> a accompagn\u00e9 les personnes pauvres et marginalis\u00e9es du Bangladesh pour qu&rsquo;elles s&rsquo;organisent en plus de 11 000 groupes locaux dans plus de 1 100 villages.<\/p><p>Gr\u00e2ce \u00e0 une \u00e9ducation fond\u00e9e sur les droits, les femmes et les hommes apprennent \u00e0 conna\u00eetre leurs droits et se mobilisent pour mener des actions collectives afin de demander \u00e0 l&rsquo;\u00c9tat de faire respecter ces droits. Cela se manifeste par des actions visant \u00e0 renforcer les droits des femmes, \u00e0 mettre fin \u00e0 la violence \u00e0 leur \u00e9gard, \u00e0 obtenir des terres pour les familles qui n&rsquo;en ont pas, \u00e0 garantir l&rsquo;acc\u00e8s aux programmes sociaux et \u00e0 mettre fin \u00e0 la corruption locale. R\u00e9cemment, l&rsquo;accent a \u00e9t\u00e9 mis sur la lutte contre le mariage des enfants et la protection des filles en tant qu&rsquo;enfants.<\/p>\t\t\t\t\t\t\t\t<\/div>\n\t\t\t\t<\/div>\n\t\t\t\t<div class=\"elementor-element elementor-element-a8a62cc elementor-widget elementor-widget-spacer\" data-id=\"a8a62cc\" data-element_type=\"widget\" data-e-type=\"widget\" data-widget_type=\"spacer.default\">\n\t\t\t\t<div class=\"elementor-widget-container\">\n\t\t\t\t\t\t\t<div class=\"elementor-spacer\">\n\t\t\t<div class=\"elementor-spacer-inner\"><\/div>\n\t\t<\/div>\n\t\t\t\t\t\t<\/div>\n\t\t\t\t<\/div>\n\t\t\t\t\t<\/div>\n\t\t\t\t<\/div>\n\t\t<div class=\"elementor-element elementor-element-b6f76a5 e-flex e-con-boxed e-con e-parent\" data-id=\"b6f76a5\" data-element_type=\"container\" data-e-type=\"container\">\n\t\t\t\t\t<div class=\"e-con-inner\">\n\t\t\t\t<div class=\"elementor-element elementor-element-30a96b7 elementor-widget elementor-widget-image\" data-id=\"30a96b7\" data-element_type=\"widget\" data-e-type=\"widget\" data-widget_type=\"image.default\">\n\t\t\t\t<div class=\"elementor-widget-container\">\n\t\t\t\t\t\t\t\t\t\t\t\t\t\t\t<img loading=\"lazy\" decoding=\"async\" width=\"1024\" height=\"1024\" src=\"https:\/\/interpares.ca\/wp-content\/uploads\/2022\/03\/2022-journee-internationale-des-femmes-canada-miningwatch-1024x1024.jpg\" class=\"attachment-large size-large wp-image-118789\" alt=\"\" srcset=\"https:\/\/interpares.ca\/wp-content\/uploads\/2022\/03\/2022-journee-internationale-des-femmes-canada-miningwatch-1024x1024.jpg 1024w, https:\/\/interpares.ca\/wp-content\/uploads\/2022\/03\/2022-journee-internationale-des-femmes-canada-miningwatch-300x300.jpg 300w, https:\/\/interpares.ca\/wp-content\/uploads\/2022\/03\/2022-journee-internationale-des-femmes-canada-miningwatch-150x150.jpg 150w, https:\/\/interpares.ca\/wp-content\/uploads\/2022\/03\/2022-journee-internationale-des-femmes-canada-miningwatch-768x768.jpg 768w, https:\/\/interpares.ca\/wp-content\/uploads\/2022\/03\/2022-journee-internationale-des-femmes-canada-miningwatch.jpg 1080w\" sizes=\"(max-width: 1024px) 100vw, 1024px\" \/>\t\t\t\t\t\t\t\t\t\t\t\t\t\t\t<\/div>\n\t\t\t\t<\/div>\n\t\t\t\t<div class=\"elementor-element elementor-element-3d7745b elementor-blockquote--skin-quotation elementor-widget elementor-widget-blockquote\" data-id=\"3d7745b\" data-element_type=\"widget\" data-e-type=\"widget\" data-widget_type=\"blockquote.default\">\n\t\t\t\t<div class=\"elementor-widget-container\">\n\t\t\t\t\t\t\t<blockquote class=\"elementor-blockquote\">\n\t\t\t<p class=\"elementor-blockquote__content\">\n\t\t\t\tNous voulons pr\u00e9server les for\u00eats et l\u2019eau, car elles sont la vie. J\u2019insiste sur le fait que sans l\u2019eau et sans les for\u00eats, les \u00eatres humains ne pourraient pas vivre.\t\t\t<\/p>\n\t\t\t\t\t<\/blockquote>\n\t\t\t\t\t\t<\/div>\n\t\t\t\t<\/div>\n\t\t\t\t<div class=\"elementor-element elementor-element-6e64d54 elementor-widget elementor-widget-text-editor\" data-id=\"6e64d54\" data-element_type=\"widget\" data-e-type=\"widget\" data-widget_type=\"text-editor.default\">\n\t\t\t\t<div class=\"elementor-widget-container\">\n\t\t\t\t\t\t\t\t\t<p>Josefina Tunki, pr\u00e9sidente du peuple Shuar Arutam (PSHA) en \u00c9quateur, s&rsquo;\u00e9l\u00e8ve contre les menaces que font peser les op\u00e9rations mini\u00e8res canadiennes sur le territoire Shuar Arutam.<\/p><p><a href=\"https:\/\/miningwatch.ca\/fr\" target=\"_blank\" rel=\"noopener\">Mining Watch Canada<\/a> \u0153uvre en faveur d&rsquo;un monde dans lequel les peuples autochtones peuvent effectivement exercer leurs droits \u00e0 disposer d&rsquo;eux-m\u00eames, o\u00f9 les communaut\u00e9s doivent donner leur consentement avant toute activit\u00e9 mini\u00e8re et o\u00f9 les travailleurs miniers sont assur\u00e9s de vivre dans des conditions s\u00e9curitaires et saines.<\/p><p>Les peuples et les communaut\u00e9s affect\u00e9s disposent des moyens de prot\u00e9ger leurs droits humains, leurs modes de vie, leurs moyens de subsistance et leur environnement contre les effets potentiels ou r\u00e9els des activit\u00e9s d&rsquo;exploration et d&rsquo;extraction mini\u00e8res, et ont un acc\u00e8s efficace \u00e0 la justice et aux r\u00e9parations pour les pr\u00e9judices caus\u00e9s par l&rsquo;exploitation mini\u00e8re.<\/p>\t\t\t\t\t\t\t\t<\/div>\n\t\t\t\t<\/div>\n\t\t\t\t<div class=\"elementor-element elementor-element-90a54d3 elementor-widget elementor-widget-spacer\" data-id=\"90a54d3\" data-element_type=\"widget\" data-e-type=\"widget\" data-widget_type=\"spacer.default\">\n\t\t\t\t<div class=\"elementor-widget-container\">\n\t\t\t\t\t\t\t<div class=\"elementor-spacer\">\n\t\t\t<div class=\"elementor-spacer-inner\"><\/div>\n\t\t<\/div>\n\t\t\t\t\t\t<\/div>\n\t\t\t\t<\/div>\n\t\t\t\t\t<\/div>\n\t\t\t\t<\/div>\n\t\t<div class=\"elementor-element elementor-element-d640ff0 e-flex e-con-boxed e-con e-parent\" data-id=\"d640ff0\" data-element_type=\"container\" data-e-type=\"container\">\n\t\t\t\t\t<div class=\"e-con-inner\">\n\t\t\t\t<div class=\"elementor-element elementor-element-0ae949c elementor-widget elementor-widget-image\" data-id=\"0ae949c\" data-element_type=\"widget\" data-e-type=\"widget\" data-widget_type=\"image.default\">\n\t\t\t\t<div class=\"elementor-widget-container\">\n\t\t\t\t\t\t\t\t\t\t\t\t\t\t\t<img loading=\"lazy\" decoding=\"async\" width=\"1024\" height=\"1024\" src=\"https:\/\/interpares.ca\/wp-content\/uploads\/2022\/03\/2022-journee-internationale-des-femmes-colombia-diversa-1024x1024.jpg\" class=\"attachment-large size-large wp-image-118788\" alt=\"\" srcset=\"https:\/\/interpares.ca\/wp-content\/uploads\/2022\/03\/2022-journee-internationale-des-femmes-colombia-diversa-1024x1024.jpg 1024w, https:\/\/interpares.ca\/wp-content\/uploads\/2022\/03\/2022-journee-internationale-des-femmes-colombia-diversa-300x300.jpg 300w, https:\/\/interpares.ca\/wp-content\/uploads\/2022\/03\/2022-journee-internationale-des-femmes-colombia-diversa-150x150.jpg 150w, https:\/\/interpares.ca\/wp-content\/uploads\/2022\/03\/2022-journee-internationale-des-femmes-colombia-diversa-768x768.jpg 768w, https:\/\/interpares.ca\/wp-content\/uploads\/2022\/03\/2022-journee-internationale-des-femmes-colombia-diversa.jpg 1200w\" sizes=\"(max-width: 1024px) 100vw, 1024px\" \/>\t\t\t\t\t\t\t\t\t\t\t\t\t\t\t<\/div>\n\t\t\t\t<\/div>\n\t\t\t\t<div class=\"elementor-element elementor-element-af60d11 elementor-blockquote--skin-quotation elementor-widget elementor-widget-blockquote\" data-id=\"af60d11\" data-element_type=\"widget\" data-e-type=\"widget\" data-widget_type=\"blockquote.default\">\n\t\t\t\t<div class=\"elementor-widget-container\">\n\t\t\t\t\t\t\t<blockquote class=\"elementor-blockquote\">\n\t\t\t<p class=\"elementor-blockquote__content\">\n\t\t\t\tNous voulons la justice, parce que nos vies comptent.\t\t\t<\/p>\n\t\t\t\t\t<\/blockquote>\n\t\t\t\t\t\t<\/div>\n\t\t\t\t<\/div>\n\t\t\t\t<div class=\"elementor-element elementor-element-13cd16d elementor-widget elementor-widget-text-editor\" data-id=\"13cd16d\" data-element_type=\"widget\" data-e-type=\"widget\" data-widget_type=\"text-editor.default\">\n\t\t\t\t<div class=\"elementor-widget-container\">\n\t\t\t\t\t\t\t\t\t<p>Danna M\u00e9ndez, victime d&rsquo;un transf\u00e9minicide. Danna est n\u00e9e en 1997 \u00e0 Chaparral, Tolima. Son r\u00eave \u00e9tait de travailler sur la m\u00e9moire historique et de contribuer \u00e0 la construction de la paix dans sa ville marqu\u00e9e par la guerre.<\/p><p><a href=\"https:\/\/colombiadiversa.org\/\" target=\"_blank\" rel=\"noopener\">Colombia Diversa<\/a> a pour mission de promouvoir la pleine inclusion et le respect des droits, la reconnaissance et la mobilisation des personnes lesbiennes, gays, bisexuelles et transgenres (LGBT), dans les domaines \u00e9conomique, social, politique et culturel. Colombia Diversa souhaite ainsi contribuer \u00e0 la construction d&rsquo;une soci\u00e9t\u00e9 moderne et d\u00e9mocratique et une justice sociale en Colombie.<\/p>\t\t\t\t\t\t\t\t<\/div>\n\t\t\t\t<\/div>\n\t\t\t\t<div class=\"elementor-element elementor-element-ccfe3ca elementor-widget elementor-widget-spacer\" data-id=\"ccfe3ca\" data-element_type=\"widget\" data-e-type=\"widget\" data-widget_type=\"spacer.default\">\n\t\t\t\t<div class=\"elementor-widget-container\">\n\t\t\t\t\t\t\t<div class=\"elementor-spacer\">\n\t\t\t<div class=\"elementor-spacer-inner\"><\/div>\n\t\t<\/div>\n\t\t\t\t\t\t<\/div>\n\t\t\t\t<\/div>\n\t\t\t\t\t<\/div>\n\t\t\t\t<\/div>\n\t\t<div class=\"elementor-element elementor-element-710879e e-flex e-con-boxed e-con e-parent\" data-id=\"710879e\" data-element_type=\"container\" data-e-type=\"container\">\n\t\t\t\t\t<div class=\"e-con-inner\">\n\t\t\t\t<div class=\"elementor-element elementor-element-f219d81 elementor-widget elementor-widget-image\" data-id=\"f219d81\" data-element_type=\"widget\" data-e-type=\"widget\" data-widget_type=\"image.default\">\n\t\t\t\t<div class=\"elementor-widget-container\">\n\t\t\t\t\t\t\t\t\t\t\t\t\t\t\t<img loading=\"lazy\" decoding=\"async\" width=\"1024\" height=\"1024\" src=\"https:\/\/interpares.ca\/wp-content\/uploads\/2022\/03\/2022-journee-internationale-des-femmes-national-indigenous-organization-colombia-1024x1024.jpg\" class=\"attachment-large size-large wp-image-118787\" alt=\"\" srcset=\"https:\/\/interpares.ca\/wp-content\/uploads\/2022\/03\/2022-journee-internationale-des-femmes-national-indigenous-organization-colombia-1024x1024.jpg 1024w, https:\/\/interpares.ca\/wp-content\/uploads\/2022\/03\/2022-journee-internationale-des-femmes-national-indigenous-organization-colombia-300x300.jpg 300w, https:\/\/interpares.ca\/wp-content\/uploads\/2022\/03\/2022-journee-internationale-des-femmes-national-indigenous-organization-colombia-150x150.jpg 150w, https:\/\/interpares.ca\/wp-content\/uploads\/2022\/03\/2022-journee-internationale-des-femmes-national-indigenous-organization-colombia-768x768.jpg 768w, https:\/\/interpares.ca\/wp-content\/uploads\/2022\/03\/2022-journee-internationale-des-femmes-national-indigenous-organization-colombia.jpg 1200w\" sizes=\"(max-width: 1024px) 100vw, 1024px\" \/>\t\t\t\t\t\t\t\t\t\t\t\t\t\t\t<\/div>\n\t\t\t\t<\/div>\n\t\t\t\t<div class=\"elementor-element elementor-element-41a18e7 elementor-blockquote--skin-quotation elementor-widget elementor-widget-blockquote\" data-id=\"41a18e7\" data-element_type=\"widget\" data-e-type=\"widget\" data-widget_type=\"blockquote.default\">\n\t\t\t\t<div class=\"elementor-widget-container\">\n\t\t\t\t\t\t\t<blockquote class=\"elementor-blockquote\">\n\t\t\t<p class=\"elementor-blockquote__content\">\n\t\t\t\tNous voulons un avenir, car nous voulons \u00eatre certains que nos pas suivront leur cours...\t\t\t<\/p>\n\t\t\t\t\t<\/blockquote>\n\t\t\t\t\t\t<\/div>\n\t\t\t\t<\/div>\n\t\t\t\t<div class=\"elementor-element elementor-element-67c783d elementor-widget elementor-widget-text-editor\" data-id=\"67c783d\" data-element_type=\"widget\" data-e-type=\"widget\" data-widget_type=\"text-editor.default\">\n\t\t\t\t<div class=\"elementor-widget-container\">\n\t\t\t\t\t\t\t\t\t<p>&#8230; que les g\u00e9n\u00e9rations futures, guid\u00e9es par notre sagesse, par les connaissances ancestrales transmises au fil du temps, suivront le chemin de la r\u00e9sistance qui nous a men\u00e9s jusqu&rsquo;ici en tant que peuples autochtones. Nous voulons transmettre aux g\u00e9n\u00e9rations futures un territoire prosp\u00e8re, o\u00f9 la peur n&rsquo;existe pas, o\u00f9 la garantie de nos droits n&rsquo;est pas un sujet de discussion mais une r\u00e9alit\u00e9.<\/p><p>La Organizaci\u00f3n Nacional Ind\u00edgena de Colombia (ONIC) a pour mission de d\u00e9fendre les droits des personnes autochtones \u00e0 travers des strat\u00e9gies pr\u00f4nant l&rsquo;autonomie autochtone et favorisant le d\u00e9veloppement de positions communes, et est aujourd\u2019hui un interlocuteur de renomm\u00e9e en la mati\u00e8re en Colombie. Elle repr\u00e9sente de nombreuses communaut\u00e9s autochtones et joue un r\u00f4le-cl\u00e9 pour augmenter la visibilit\u00e9 des enjeux li\u00e9s aux autochtones en Colombie, aussi bien au plan national qu&rsquo;international.<\/p>\t\t\t\t\t\t\t\t<\/div>\n\t\t\t\t<\/div>\n\t\t\t\t<div class=\"elementor-element elementor-element-388a845 elementor-widget elementor-widget-spacer\" data-id=\"388a845\" data-element_type=\"widget\" data-e-type=\"widget\" data-widget_type=\"spacer.default\">\n\t\t\t\t<div class=\"elementor-widget-container\">\n\t\t\t\t\t\t\t<div class=\"elementor-spacer\">\n\t\t\t<div class=\"elementor-spacer-inner\"><\/div>\n\t\t<\/div>\n\t\t\t\t\t\t<\/div>\n\t\t\t\t<\/div>\n\t\t\t\t\t<\/div>\n\t\t\t\t<\/div>\n\t\t\t\t<\/div>\n\t\t","protected":false},"excerpt":{"rendered":"<p>Dans de nombreuses r\u00e9gions du monde, le 8 mars est une journ\u00e9e importante pour d\u00e9noncer les discriminations, les in\u00e9galit\u00e9s et les violences dont sont victimes toutes les femmes. C&rsquo;est aussi une journ\u00e9e qui c\u00e9l\u00e8bre la contribution ind\u00e9niable des femmes \u00e0 la soci\u00e9t\u00e9. Depuis bient\u00f4t deux ans, la pand\u00e9mie, le bouleversement climatique et les crises \u00e9conomiques&hellip;<\/p>\n","protected":false},"author":3,"featured_media":14214,"comment_status":"closed","ping_status":"closed","sticky":false,"template":"","format":"standard","meta":{"_acf_changed":false,"footnotes":""},"categories":[1006],"tags":[],"ptype":[1069],"resource_type":[],"regions":[],"issues":[1103],"class_list":["post-14215","post","type-post","status-publish","format-standard","has-post-thumbnail","hentry","category-non-categorise","ptype-nouvelles","issues-justice-de-genre-et-droits-des-femmes"],"acf":[],"yoast_head":"<!-- This site is optimized with the Yoast SEO plugin v28.1 - https:\/\/yoast.com\/product\/yoast-seo-wordpress\/ -->\n<title>Ce que nous voulons... ce 8 mars - Inter Pares<\/title>\n<meta name=\"robots\" content=\"index, follow, max-snippet:-1, max-image-preview:large, max-video-preview:-1\" \/>\n<link rel=\"canonical\" href=\"https:\/\/interpares.ca\/fr\/ce-que-nous-voulons-ce-8-mars\/\" \/>\n<meta property=\"og:locale\" content=\"fr_FR\" \/>\n<meta property=\"og:type\" content=\"article\" \/>\n<meta property=\"og:title\" content=\"Ce que nous voulons... ce 8 mars - Inter Pares\" \/>\n<meta property=\"og:description\" content=\"Dans de nombreuses r\u00e9gions du monde, le 8 mars est une journ\u00e9e importante pour d\u00e9noncer les discriminations, les in\u00e9galit\u00e9s et les violences dont sont victimes toutes les femmes. C&rsquo;est aussi une journ\u00e9e qui c\u00e9l\u00e8bre la contribution ind\u00e9niable des femmes \u00e0 la soci\u00e9t\u00e9. Depuis bient\u00f4t deux ans, la pand\u00e9mie, le bouleversement climatique et les crises \u00e9conomiques&hellip;\" \/>\n<meta property=\"og:url\" content=\"https:\/\/interpares.ca\/fr\/ce-que-nous-voulons-ce-8-mars\/\" \/>\n<meta property=\"og:site_name\" content=\"Inter Pares\" \/>\n<meta property=\"article:published_time\" content=\"2022-03-08T14:16:43+00:00\" \/>\n<meta property=\"article:modified_time\" content=\"2026-08-11T19:48:52+00:00\" \/>\n<meta property=\"og:image\" content=\"https:\/\/interpares.ca\/wp-content\/uploads\/2022\/03\/pesca_em_tite_pc-scaled-1.jpg\" \/>\n\t<meta property=\"og:image:width\" content=\"2560\" \/>\n\t<meta property=\"og:image:height\" content=\"1440\" \/>\n\t<meta property=\"og:image:type\" content=\"image\/jpeg\" \/>\n<meta name=\"author\" content=\"Keyur Patel\" \/>\n<meta name=\"twitter:card\" content=\"summary_large_image\" \/>\n<meta name=\"twitter:label1\" content=\"\u00c9crit par\" \/>\n\t<meta name=\"twitter:data1\" content=\"Keyur Patel\" \/>\n\t<meta name=\"twitter:label2\" content=\"Dur\u00e9e de lecture estim\u00e9e\" \/>\n\t<meta name=\"twitter:data2\" content=\"10 minutes\" \/>\n<script type=\"application\/ld+json\" class=\"yoast-schema-graph\">{\"@context\":\"https:\\\/\\\/schema.org\",\"@graph\":[{\"@type\":\"Article\",\"@id\":\"https:\\\/\\\/interpares.ca\\\/fr\\\/ce-que-nous-voulons-ce-8-mars\\\/#article\",\"isPartOf\":{\"@id\":\"https:\\\/\\\/interpares.ca\\\/fr\\\/ce-que-nous-voulons-ce-8-mars\\\/\"},\"author\":{\"name\":\"Keyur Patel\",\"@id\":\"https:\\\/\\\/interpares.ca\\\/#\\\/schema\\\/person\\\/a0f53105a07cc53858c20dd163334e9c\"},\"headline\":\"Ce que nous voulons&#8230; ce 8 mars\",\"datePublished\":\"2022-03-08T14:16:43+00:00\",\"dateModified\":\"2026-08-11T19:48:52+00:00\",\"mainEntityOfPage\":{\"@id\":\"https:\\\/\\\/interpares.ca\\\/fr\\\/ce-que-nous-voulons-ce-8-mars\\\/\"},\"wordCount\":1757,\"image\":{\"@id\":\"https:\\\/\\\/interpares.ca\\\/fr\\\/ce-que-nous-voulons-ce-8-mars\\\/#primaryimage\"},\"thumbnailUrl\":\"https:\\\/\\\/interpares.ca\\\/wp-content\\\/uploads\\\/2022\\\/03\\\/pesca_em_tite_pc-scaled-1.jpg\",\"articleSection\":[\"Non cat\u00e9goris\u00e9\"],\"inLanguage\":\"fr-FR\"},{\"@type\":\"WebPage\",\"@id\":\"https:\\\/\\\/interpares.ca\\\/fr\\\/ce-que-nous-voulons-ce-8-mars\\\/\",\"url\":\"https:\\\/\\\/interpares.ca\\\/fr\\\/ce-que-nous-voulons-ce-8-mars\\\/\",\"name\":\"Ce que nous voulons... ce 8 mars - Inter Pares\",\"isPartOf\":{\"@id\":\"https:\\\/\\\/interpares.ca\\\/#website\"},\"primaryImageOfPage\":{\"@id\":\"https:\\\/\\\/interpares.ca\\\/fr\\\/ce-que-nous-voulons-ce-8-mars\\\/#primaryimage\"},\"image\":{\"@id\":\"https:\\\/\\\/interpares.ca\\\/fr\\\/ce-que-nous-voulons-ce-8-mars\\\/#primaryimage\"},\"thumbnailUrl\":\"https:\\\/\\\/interpares.ca\\\/wp-content\\\/uploads\\\/2022\\\/03\\\/pesca_em_tite_pc-scaled-1.jpg\",\"datePublished\":\"2022-03-08T14:16:43+00:00\",\"dateModified\":\"2026-08-11T19:48:52+00:00\",\"author\":{\"@id\":\"https:\\\/\\\/interpares.ca\\\/#\\\/schema\\\/person\\\/a0f53105a07cc53858c20dd163334e9c\"},\"breadcrumb\":{\"@id\":\"https:\\\/\\\/interpares.ca\\\/fr\\\/ce-que-nous-voulons-ce-8-mars\\\/#breadcrumb\"},\"inLanguage\":\"fr-FR\",\"potentialAction\":[{\"@type\":\"ReadAction\",\"target\":[\"https:\\\/\\\/interpares.ca\\\/fr\\\/ce-que-nous-voulons-ce-8-mars\\\/\"]}]},{\"@type\":\"ImageObject\",\"inLanguage\":\"fr-FR\",\"@id\":\"https:\\\/\\\/interpares.ca\\\/fr\\\/ce-que-nous-voulons-ce-8-mars\\\/#primaryimage\",\"url\":\"https:\\\/\\\/interpares.ca\\\/wp-content\\\/uploads\\\/2022\\\/03\\\/pesca_em_tite_pc-scaled-1.jpg\",\"contentUrl\":\"https:\\\/\\\/interpares.ca\\\/wp-content\\\/uploads\\\/2022\\\/03\\\/pesca_em_tite_pc-scaled-1.jpg\",\"width\":2560,\"height\":1440,\"caption\":\"pesca_em_tite_pc\"},{\"@type\":\"BreadcrumbList\",\"@id\":\"https:\\\/\\\/interpares.ca\\\/fr\\\/ce-que-nous-voulons-ce-8-mars\\\/#breadcrumb\",\"itemListElement\":[{\"@type\":\"ListItem\",\"position\":1,\"name\":\"Home\",\"item\":\"https:\\\/\\\/interpares.ca\\\/fr\\\/\"},{\"@type\":\"ListItem\",\"position\":2,\"name\":\"Ce que nous voulons&#8230; ce 8 mars\"}]},{\"@type\":\"WebSite\",\"@id\":\"https:\\\/\\\/interpares.ca\\\/#website\",\"url\":\"https:\\\/\\\/interpares.ca\\\/\",\"name\":\"Inter Pares\",\"description\":\"\",\"potentialAction\":[{\"@type\":\"SearchAction\",\"target\":{\"@type\":\"EntryPoint\",\"urlTemplate\":\"https:\\\/\\\/interpares.ca\\\/?s={search_term_string}\"},\"query-input\":{\"@type\":\"PropertyValueSpecification\",\"valueRequired\":true,\"valueName\":\"search_term_string\"}}],\"inLanguage\":\"fr-FR\"},{\"@type\":\"Person\",\"@id\":\"https:\\\/\\\/interpares.ca\\\/#\\\/schema\\\/person\\\/a0f53105a07cc53858c20dd163334e9c\",\"name\":\"Keyur Patel\",\"image\":{\"@type\":\"ImageObject\",\"inLanguage\":\"fr-FR\",\"@id\":\"https:\\\/\\\/secure.gravatar.com\\\/avatar\\\/1b250a2bf4f127c97ce3fc433b869f2679cf64705d7b2d3b6565ac9d04df5125?s=96&d=mm&r=g\",\"url\":\"https:\\\/\\\/secure.gravatar.com\\\/avatar\\\/1b250a2bf4f127c97ce3fc433b869f2679cf64705d7b2d3b6565ac9d04df5125?s=96&d=mm&r=g\",\"contentUrl\":\"https:\\\/\\\/secure.gravatar.com\\\/avatar\\\/1b250a2bf4f127c97ce3fc433b869f2679cf64705d7b2d3b6565ac9d04df5125?s=96&d=mm&r=g\",\"caption\":\"Keyur Patel\"},\"url\":\"https:\\\/\\\/interpares.ca\\\/fr\\\/author\\\/keyur\\\/\"}]}<\/script>\n<!-- \/ Yoast SEO plugin. -->","yoast_head_json":{"title":"Ce que nous voulons... ce 8 mars - Inter Pares","robots":{"index":"index","follow":"follow","max-snippet":"max-snippet:-1","max-image-preview":"max-image-preview:large","max-video-preview":"max-video-preview:-1"},"canonical":"https:\/\/interpares.ca\/fr\/ce-que-nous-voulons-ce-8-mars\/","og_locale":"fr_FR","og_type":"article","og_title":"Ce que nous voulons... ce 8 mars - Inter Pares","og_description":"Dans de nombreuses r\u00e9gions du monde, le 8 mars est une journ\u00e9e importante pour d\u00e9noncer les discriminations, les in\u00e9galit\u00e9s et les violences dont sont victimes toutes les femmes. C&rsquo;est aussi une journ\u00e9e qui c\u00e9l\u00e8bre la contribution ind\u00e9niable des femmes \u00e0 la soci\u00e9t\u00e9. Depuis bient\u00f4t deux ans, la pand\u00e9mie, le bouleversement climatique et les crises \u00e9conomiques&hellip;","og_url":"https:\/\/interpares.ca\/fr\/ce-que-nous-voulons-ce-8-mars\/","og_site_name":"Inter Pares","article_published_time":"2022-03-08T14:16:43+00:00","article_modified_time":"2026-08-11T19:48:52+00:00","og_image":[{"width":2560,"height":1440,"url":"https:\/\/interpares.ca\/wp-content\/uploads\/2022\/03\/pesca_em_tite_pc-scaled-1.jpg","type":"image\/jpeg"}],"author":"Keyur Patel","twitter_card":"summary_large_image","twitter_misc":{"\u00c9crit par":"Keyur Patel","Dur\u00e9e de lecture estim\u00e9e":"10 minutes"},"schema":{"@context":"https:\/\/schema.org","@graph":[{"@type":"Article","@id":"https:\/\/interpares.ca\/fr\/ce-que-nous-voulons-ce-8-mars\/#article","isPartOf":{"@id":"https:\/\/interpares.ca\/fr\/ce-que-nous-voulons-ce-8-mars\/"},"author":{"name":"Keyur Patel","@id":"https:\/\/interpares.ca\/#\/schema\/person\/a0f53105a07cc53858c20dd163334e9c"},"headline":"Ce que nous voulons&#8230; ce 8 mars","datePublished":"2022-03-08T14:16:43+00:00","dateModified":"2026-08-11T19:48:52+00:00","mainEntityOfPage":{"@id":"https:\/\/interpares.ca\/fr\/ce-que-nous-voulons-ce-8-mars\/"},"wordCount":1757,"image":{"@id":"https:\/\/interpares.ca\/fr\/ce-que-nous-voulons-ce-8-mars\/#primaryimage"},"thumbnailUrl":"https:\/\/interpares.ca\/wp-content\/uploads\/2022\/03\/pesca_em_tite_pc-scaled-1.jpg","articleSection":["Non cat\u00e9goris\u00e9"],"inLanguage":"fr-FR"},{"@type":"WebPage","@id":"https:\/\/interpares.ca\/fr\/ce-que-nous-voulons-ce-8-mars\/","url":"https:\/\/interpares.ca\/fr\/ce-que-nous-voulons-ce-8-mars\/","name":"Ce que nous voulons... ce 8 mars - Inter Pares","isPartOf":{"@id":"https:\/\/interpares.ca\/#website"},"primaryImageOfPage":{"@id":"https:\/\/interpares.ca\/fr\/ce-que-nous-voulons-ce-8-mars\/#primaryimage"},"image":{"@id":"https:\/\/interpares.ca\/fr\/ce-que-nous-voulons-ce-8-mars\/#primaryimage"},"thumbnailUrl":"https:\/\/interpares.ca\/wp-content\/uploads\/2022\/03\/pesca_em_tite_pc-scaled-1.jpg","datePublished":"2022-03-08T14:16:43+00:00","dateModified":"2026-08-11T19:48:52+00:00","author":{"@id":"https:\/\/interpares.ca\/#\/schema\/person\/a0f53105a07cc53858c20dd163334e9c"},"breadcrumb":{"@id":"https:\/\/interpares.ca\/fr\/ce-que-nous-voulons-ce-8-mars\/#breadcrumb"},"inLanguage":"fr-FR","potentialAction":[{"@type":"ReadAction","target":["https:\/\/interpares.ca\/fr\/ce-que-nous-voulons-ce-8-mars\/"]}]},{"@type":"ImageObject","inLanguage":"fr-FR","@id":"https:\/\/interpares.ca\/fr\/ce-que-nous-voulons-ce-8-mars\/#primaryimage","url":"https:\/\/interpares.ca\/wp-content\/uploads\/2022\/03\/pesca_em_tite_pc-scaled-1.jpg","contentUrl":"https:\/\/interpares.ca\/wp-content\/uploads\/2022\/03\/pesca_em_tite_pc-scaled-1.jpg","width":2560,"height":1440,"caption":"pesca_em_tite_pc"},{"@type":"BreadcrumbList","@id":"https:\/\/interpares.ca\/fr\/ce-que-nous-voulons-ce-8-mars\/#breadcrumb","itemListElement":[{"@type":"ListItem","position":1,"name":"Home","item":"https:\/\/interpares.ca\/fr\/"},{"@type":"ListItem","position":2,"name":"Ce que nous voulons&#8230; ce 8 mars"}]},{"@type":"WebSite","@id":"https:\/\/interpares.ca\/#website","url":"https:\/\/interpares.ca\/","name":"Inter Pares","description":"","potentialAction":[{"@type":"SearchAction","target":{"@type":"EntryPoint","urlTemplate":"https:\/\/interpares.ca\/?s={search_term_string}"},"query-input":{"@type":"PropertyValueSpecification","valueRequired":true,"valueName":"search_term_string"}}],"inLanguage":"fr-FR"},{"@type":"Person","@id":"https:\/\/interpares.ca\/#\/schema\/person\/a0f53105a07cc53858c20dd163334e9c","name":"Keyur Patel","image":{"@type":"ImageObject","inLanguage":"fr-FR","@id":"https:\/\/secure.gravatar.com\/avatar\/1b250a2bf4f127c97ce3fc433b869f2679cf64705d7b2d3b6565ac9d04df5125?s=96&d=mm&r=g","url":"https:\/\/secure.gravatar.com\/avatar\/1b250a2bf4f127c97ce3fc433b869f2679cf64705d7b2d3b6565ac9d04df5125?s=96&d=mm&r=g","contentUrl":"https:\/\/secure.gravatar.com\/avatar\/1b250a2bf4f127c97ce3fc433b869f2679cf64705d7b2d3b6565ac9d04df5125?s=96&d=mm&r=g","caption":"Keyur Patel"},"url":"https:\/\/interpares.ca\/fr\/author\/keyur\/"}]}},"_links":{"self":[{"href":"https:\/\/interpares.ca\/fr\/wp-json\/wp\/v2\/posts\/14215","targetHints":{"allow":["GET"]}}],"collection":[{"href":"https:\/\/interpares.ca\/fr\/wp-json\/wp\/v2\/posts"}],"about":[{"href":"https:\/\/interpares.ca\/fr\/wp-json\/wp\/v2\/types\/post"}],"author":[{"embeddable":true,"href":"https:\/\/interpares.ca\/fr\/wp-json\/wp\/v2\/users\/3"}],"replies":[{"embeddable":true,"href":"https:\/\/interpares.ca\/fr\/wp-json\/wp\/v2\/comments?post=14215"}],"version-history":[{"count":9,"href":"https:\/\/interpares.ca\/fr\/wp-json\/wp\/v2\/posts\/14215\/revisions"}],"predecessor-version":[{"id":118807,"href":"https:\/\/interpares.ca\/fr\/wp-json\/wp\/v2\/posts\/14215\/revisions\/118807"}],"wp:featuredmedia":[{"embeddable":true,"href":"https:\/\/interpares.ca\/fr\/wp-json\/wp\/v2\/media\/14214"}],"wp:attachment":[{"href":"https:\/\/interpares.ca\/fr\/wp-json\/wp\/v2\/media?parent=14215"}],"wp:term":[{"taxonomy":"category","embeddable":true,"href":"https:\/\/interpares.ca\/fr\/wp-json\/wp\/v2\/categories?post=14215"},{"taxonomy":"post_tag","embeddable":true,"href":"https:\/\/interpares.ca\/fr\/wp-json\/wp\/v2\/tags?post=14215"},{"taxonomy":"ptype","embeddable":true,"href":"https:\/\/interpares.ca\/fr\/wp-json\/wp\/v2\/ptype?post=14215"},{"taxonomy":"resource_type","embeddable":true,"href":"https:\/\/interpares.ca\/fr\/wp-json\/wp\/v2\/resource_type?post=14215"},{"taxonomy":"regions","embeddable":true,"href":"https:\/\/interpares.ca\/fr\/wp-json\/wp\/v2\/regions?post=14215"},{"taxonomy":"issues","embeddable":true,"href":"https:\/\/interpares.ca\/fr\/wp-json\/wp\/v2\/issues?post=14215"}],"curies":[{"name":"wp","href":"https:\/\/api.w.org\/{rel}","templated":true}]}}